{"id":22,"date":"2014-06-06T12:02:28","date_gmt":"2014-06-06T10:02:28","guid":{"rendered":"http:\/\/wilk-na-pomorzu.pl\/?p=22"},"modified":"2018-03-06T12:07:29","modified_gmt":"2018-03-06T11:07:29","slug":"stanowisko-w-sprawie-przywrocenia-sezonu-polowan-na-losie","status":"publish","type":"post","link":"https:\/\/stowarzyszenie-matecznik.pl\/index.php\/2014\/06\/06\/stanowisko-w-sprawie-przywrocenia-sezonu-polowan-na-losie\/","title":{"rendered":"Stanowisko w sprawie przywr\u00f3cenia sezonu polowa\u0144 na \u0142osie"},"content":{"rendered":"<p>Szczecinek, 6 czerwca 2014 r.<\/p>\n<p>Szanowny Pan<br \/>\nMaciej H. Grabowski<br \/>\nMinister \u015arodowiska<br \/>\nul. Wawelska 52\/54<br \/>\n00-922 Warszawa<\/p>\n<p>W zwi\u0105zku z przygotowywaniem przez Pana Ministra zmiany rozporz\u0105dzenia ws przywr\u00f3cenia sezonu polowa\u0144 na \u0142osie w Polsce, pragniemy wyrazi\u0107 nasze stanowisko w tej sprawie. Uwa\u017camy za absolutnie konieczn\u0105 potrzeb\u0119 regulacji liczebnej niekt\u00f3rych gatunk\u00f3w chronionych, w tym tak\u017ce \u0142osia, kt\u00f3ry w ostatnich latach z powodu wprowadzonego moratorium, znacznie zwi\u0119kszy\u0142 swoj\u0105 liczebno\u015b\u0107. W oparciu o posiadane dane dotycz\u0105ce dynamiki liczebno\u015bci populacji \u0142osia w Polsce w ostatnich latach nale\u017cy stwierdzi\u0107, \u017ce wprowadzone moratorium przynios\u0142o spodziewany efekt.<br \/>\nUmo\u017cliwienie regulacji liczebnej \u0142osi powinno dotyczy\u0107 tylko wybranych \u0142owieckich rejon\u00f3w hodowlanych, gdzie zag\u0119szczenie przekroczy\u0142o ju\u017c 5 osobnik\u00f3w na 1000 ha powierzchni le\u015bnej \/ bagiennej i poziom szk\u00f3d w uprawach rolnych i le\u015bnych a tak\u017ce stan uszkodze\u0144 odnowie\u0144 naturalnych lub skala wypadkowo\u015bci przekracza zno\u015bny poziom.<\/p>\n<p>W stosunku do populacji bytuj\u0105cej w Biebrza\u0144skim Parku Narodowym i w jej o\u015bciennych nadle\u015bnictwach, z uwagi na jej unikalny genotyp, nale\u017ca\u0142oby si\u0119 na obecnym etapie wstrzyma\u0107 od pozyskania \u0142owieckiego.<br \/>\nBierna ochrona przyrody, lansowana przez niekt\u00f3rych naukowc\u00f3w i urz\u0119dnik\u00f3w oraz stowarzyszenia skrajnie ochroniarskie, niestety ca\u0142kowicie nie sprawdza si\u0119 w praktyce. Prowadzi to w wielu przypadkach do wypacze\u0144<\/p>\n<p>i nadmiernego wzrostu liczebnego jednych gatunk\u00f3w wzgl\u0119dem drugich, b\u0105d\u017a te\u017c do ca\u0142kowitego wygini\u0119cia niekt\u00f3rych z nich. Zjawisku temu towarzyszy wzrost konflikt\u00f3w oraz spadek akceptacji dla dzia\u0142a\u0144 na rzecz zachowania element\u00f3w rodzimej fauny. Dotyczy to kluczowych dla ochrony gatunkowej grup spo\u0142ecznych, zwi\u0105zanych z u\u017cytkowaniem \u015brodowiska naturalnego w otaczaj\u0105cym nas krajobrazie kulturowym.<br \/>\nJako stowarzyszenie dzia\u0142aj\u0105ce na rzecz wspierania bior\u00f3\u017cnorodno\u015bci jeste\u015bmy w pe\u0142ni przekonani o s\u0142uszno\u015bci<\/p>\n<p>i potrzebie cz\u0119\u015bciowej regulacji liczebnej populacji \u0142osia, mi\u0119dzy innymi w zwi\u0105zku z wyst\u0119puj\u0105cymi negatywnymi zjawiskami:<br \/>\n&#8211; rosn\u0105ca liczba wypadk\u00f3w komunikacyjnych z udzia\u0142em \u0142osia (samochody i poci\u0105gi), nios\u0105ca za sob\u0105 znaczne straty materialne i zagro\u017cenia dla \u017cycia i zdrowia ludzi,<br \/>\n&#8211; sta\u0142ym wzrostem uszkodze\u0144 drzewostan\u00f3w i strat gospodarczych,<br \/>\n&#8211; sta\u0142ym wzrostem szk\u00f3d w uprawach i p\u0142odach rolnych,<br \/>\n&#8211; wyst\u0119powaniem znacz\u0105cych strat ekologicznych, g\u0142\u00f3wnie w terenach \u015bci\u015ble chronionych jak rezerwaty przyrody czy parki narodowe, z powodu dewastacji i utraty naturalnych, zr\u00f3\u017cnicowanych biologicznie siedlisk przyrodniczych.<br \/>\nDla przyk\u0142adu na terenie Kampinoskiego Parku Narodowego z powodu przeg\u0119szczenia populacji \u0142osia, odnowienie naturalne lasu nie jest ju\u017c mo\u017cliwe, a w\u0142a\u015bnie tam, powinno ono funkcjonowa\u0107 jako fundamentalny przyk\u0142ad w\u0142a\u015bciwego, przyrodniczo zr\u00f3wnowa\u017conego ekosystemu.<br \/>\nWobec wielu problem\u00f3w zwi\u0105zanych z dotychczasowymi do\u015bwiadczeniami w zakresie regulacji populacji \u0142osia przy pomocy polowania oraz kontrowersjami na tym tle w obr\u0119bie wielu \u015brodowisk, sugerujemy obecnie skorzystanie<\/p>\n<p>z artyku\u0142u 44 ust. 3 ustawy prawo \u0142owieckie, skoncentrowanego na obszarach gdzie konflikty z tym gatunkiem przekraczaj\u0105 okre\u015blone\/zdefiniowane granice. Cz\u0119\u015b\u0107 ewentualnych wp\u0142yw\u00f3w z tytu\u0142u pozyskania \u0142osi, mog\u0142yby zosta\u0107 przeznaczone na finansowanie dzia\u0142a\u0144 zwi\u0105zanych z ich ochron\u0105.<br \/>\nW kolejnym etapie sugerujemy Panu Ministrowi rozwa\u017cenie powo\u0142ania zespo\u0142u ekspert\u00f3w, sk\u0142adaj\u0105cego si\u0119 tak\u017ce<\/p>\n<p>z naukowc\u00f3w pochodz\u0105cych z kraj\u00f3w s\u0105siednich posiadaj\u0105cych \u0142osie, w celu prowadzenia wsp\u00f3lnego monitoringu i bada\u0144 naukowych. Prowadzone badania winny wskazywa\u0107 potencjalne zagro\u017cenia oraz perspektywiczne kierunki zarz\u0105dzania populacj\u0105 gatunku. Z du\u017cym prawdopodobie\u0144stwem istniej\u0105 mo\u017cliwe instrumenty finansowania takich projekt\u00f3w z funduszy zewn\u0119trznych.<br \/>\nR\u00f3wnolegle, wartym rozwa\u017cenia by\u0142oby utworzenie przez Ministerstwo \u015arodowiska grupy roboczej z\u0142o\u017conej<\/p>\n<p>z naukowc\u00f3w, le\u015bnik\u00f3w, ochroniarzy i my\u015bliwych w celu wykonania monitoringu i okre\u015blenia wp\u0142ywu przeprowadzanej regulacji liczebno\u015bci na dynamik\u0119 liczebno\u015bci populacji, tendencje szk\u00f3d w lesie i w polu, ilo\u015b\u0107 zdarze\u0144 drogowych<\/p>\n<p>z udzia\u0142em \u0142osi itp.<br \/>\nPragniemy ponownie zapewni\u0107 Pana Ministra, \u017ce jeste\u015bmy otwarci i gotowi do konstruktywnej dyskusji o nowoczesnych standardach i potrzebach czynnej ochrony przyrody uwzgl\u0119dniaj\u0105cej potrzeby spo\u0142ecze\u0144stwa, gospodarki, ekonomii, bezpiecze\u0144stwa, zdrowia i \u017cycia ludzi oraz r\u00f3\u017cnorodno\u015bci przyrodniczej \u015brodowiska naturalnego.<\/p>\n<p>&nbsp;<\/p>\n<p>Z wyrazami nale\u017cnego szacunku<br \/>\nPrezes<br \/>\nStanis\u0142aw Jachowski<\/p>\n","protected":false},"excerpt":{"rendered":"<p>Szczecinek, 6 czerwca 2014 r. Szanowny Pan Maciej H. Grabowski Minister \u015arodowiska ul. Wawelska 52\/54 00-922 Warszawa W zwi\u0105zku z przygotowywaniem przez Pana Ministra zmiany rozporz\u0105dzenia ws przywr\u00f3cenia sezonu polowa\u0144 na \u0142osie w Polsce, pragniemy wyrazi\u0107 nasze stanowisko w tej sprawie. Uwa\u017camy za absolutnie konieczn\u0105 potrzeb\u0119 regulacji liczebnej niekt\u00f3rych gatunk\u00f3w chronionych, w tym tak\u017ce \u0142osia, &#8230;<a href=\"https:\/\/stowarzyszenie-matecznik.pl\/index.php\/2014\/06\/06\/stanowisko-w-sprawie-przywrocenia-sezonu-polowan-na-losie\/\" title=\"Read in detail: Stanowisko w sprawie przywr\u00f3cenia sezonu polowa\u0144 na \u0142osie\" rel=\"bookmark\" class=\"read-more\">read in detail<i class=\"fa fa-long-arrow-right\"><\/i><\/a><\/p>\n","protected":false},"author":1,"featured_media":0,"comment_status":"closed","ping_status":"closed","sticky":false,"template":"","format":"standard","meta":{"footnotes":""},"categories":[2],"tags":[],"class_list":["post-22","post","type-post","status-publish","format-standard","hentry","category-nasze-projekty"],"_links":{"self":[{"href":"https:\/\/stowarzyszenie-matecznik.pl\/index.php\/wp-json\/wp\/v2\/posts\/22","targetHints":{"allow":["GET"]}}],"collection":[{"href":"https:\/\/stowarzyszenie-matecznik.pl\/index.php\/wp-json\/wp\/v2\/posts"}],"about":[{"href":"https:\/\/stowarzyszenie-matecznik.pl\/index.php\/wp-json\/wp\/v2\/types\/post"}],"author":[{"embeddable":true,"href":"https:\/\/stowarzyszenie-matecznik.pl\/index.php\/wp-json\/wp\/v2\/users\/1"}],"replies":[{"embeddable":true,"href":"https:\/\/stowarzyszenie-matecznik.pl\/index.php\/wp-json\/wp\/v2\/comments?post=22"}],"version-history":[{"count":1,"href":"https:\/\/stowarzyszenie-matecznik.pl\/index.php\/wp-json\/wp\/v2\/posts\/22\/revisions"}],"predecessor-version":[{"id":23,"href":"https:\/\/stowarzyszenie-matecznik.pl\/index.php\/wp-json\/wp\/v2\/posts\/22\/revisions\/23"}],"wp:attachment":[{"href":"https:\/\/stowarzyszenie-matecznik.pl\/index.php\/wp-json\/wp\/v2\/media?parent=22"}],"wp:term":[{"taxonomy":"category","embeddable":true,"href":"https:\/\/stowarzyszenie-matecznik.pl\/index.php\/wp-json\/wp\/v2\/categories?post=22"},{"taxonomy":"post_tag","embeddable":true,"href":"https:\/\/stowarzyszenie-matecznik.pl\/index.php\/wp-json\/wp\/v2\/tags?post=22"}],"curies":[{"name":"wp","href":"https:\/\/api.w.org\/{rel}","templated":true}]}}