{"id":30,"date":"2017-07-13T12:16:04","date_gmt":"2017-07-13T10:16:04","guid":{"rendered":"http:\/\/wilk-na-pomorzu.pl\/?p=30"},"modified":"2018-03-06T12:20:49","modified_gmt":"2018-03-06T11:20:49","slug":"o-strategi-na-temat-wilka","status":"publish","type":"post","link":"https:\/\/stowarzyszenie-matecznik.pl\/index.php\/2017\/07\/13\/o-strategi-na-temat-wilka\/","title":{"rendered":"Krajowa stratega ochrony wilka"},"content":{"rendered":"<p>Szczecinek, 13 lipca 2017 r.<\/p>\n<p>L.dz. \u00a0\u00a0\u00a03\/07\/2017<\/p>\n<p><em>dotyczy: krajowej strategii ochrony wilka<\/em><\/p>\n<p><strong>Pan<\/strong><\/p>\n<p><strong>Andrzej Konieczny<\/strong><\/p>\n<p><strong>Podsekretarz Stanu<\/strong><\/p>\n<p><strong>w Ministerstwie \u015arodowiska<\/strong><\/p>\n<p><em>\u00a0<\/em><\/p>\n<p>Nawi\u0105zuj\u0105c do rozmowy w dniu 28 VI 2017 r. oraz do naszego pisma<br \/>\nz dnia 20.03.2017 (L.dz. 3\/03\/2017) skierowanego do Pana ministra<br \/>\nprof. Jana Szyszko, dotycz\u0105cego Krajowej strategii ochrony wilka (Canis lupus L.),<br \/>\nna kt\u00f3re dotychczas nie otrzymali\u015bmy odpowiedzi, podtrzymujemy nasz pogl\u0105d,<br \/>\n\u017ce obecny system oparty na dogmacie biernej \u015bcis\u0142ej ochrony, jest z\u0142y a nawet szkodliwy.<\/p>\n<p>Gatunek ten nie jest ju\u017c na \u015bwiecie zagro\u017cony a w Polsce wszystkie lokalne populacje charakteryzuj\u0105 si\u0119 ekspansj\u0105.<\/p>\n<p>Celami ochrony, kt\u00f3ra w przypadku wilka nie musi ju\u017c by\u0107 \u015bcis\u0142a, s\u0105 zachowanie \u017cywotnej populacji i ewentualne zwi\u0119kszenie area\u0142u wyst\u0119powania. Mo\u017cna<br \/>\nje osi\u0105gn\u0105\u0107, zgodnie ze stanowiskiem Large Carnivore Initiative for Europe (LCIE), poprzez aktywne zarz\u0105dzanie lokalnymi populacjami i regulowanie ich liczebno\u015bci.<\/p>\n<p>Do ponownego wyst\u0105pienia w tej sprawie sk\u0142oni\u0142o nas seminarium<br \/>\nz dnia 28 czerwca 2017 r., otwieraj\u0105ce projekt, z kt\u00f3rym wi\u0105zali\u015bmy du\u017ce nadzieje, pn. \u201ePilota\u017cowy monitoring wilka i rysia w Polsce realizowany w ramach Pa\u0144stwowego Monitoringu \u015arodowiska\u201d.<\/p>\n<p>Poniewa\u017c w Polsce nie opracowano <u>modelu gospodarowania gatunkami konfliktowymi<\/u> a odno\u015bnie wilka brak jest <u>krajowej koordynacji<\/u> kosztownych<br \/>\ni poch\u0142aniaj\u0105cych wiele energii opracowa\u0144 wykonywanych przez instytucje naukowe, parki narodowe, stowarzyszenia i fundacje a nawet odpowiedzialne za ochron\u0119 \u015brodowiska instytucje pa\u0144stwowe, ponownie proponujemy:<\/p>\n<ul>\n<li>opracowanie lub przyj\u0119cie oczekuj\u0105cej od 2011 r. \u201e<u>Krajowej strategii ochrony wilka warunkuj\u0105cej trwa\u0142o\u015b\u0107 populacji w Polsce<\/u>\u201d<\/li>\n<li>powo\u0142anie <u>grupy roboczej ds. zarz\u0105dzania pupulacj\u0105 wilka<\/u><\/li>\n<li>uruchomienie <u>krajowego systemu monitoringu wilka<\/u>, kt\u00f3ry skupi si\u0119 przede wszystkim na zbadaniu jego <u>liczebno\u015bci i zasi\u0119gu wyst\u0119powania<\/u>.<\/li>\n<\/ul>\n<p>Uzasadnienie<\/p>\n<p>&nbsp;<\/p>\n<p>Zlecony przez G\u0142\u00f3wny Inspektorat Ochrony \u015arodowiska \u201ePilota\u017cowy monitoring\u2026\u201d niewiele wzbogaci nasz\u0105 wiedz\u0119 o stanie wilczych populacji a wiele bardzo skomplikowanie brzmi\u0105cych wska\u017anik\u00f3w, kt\u00f3re b\u0119d\u0105 badane, jest osi\u0105galnych z map i plan\u00f3w urz\u0105dzenia lasu, kt\u00f3re posiada ka\u017cde nadle\u015bnictwo.<\/p>\n<p>Nie negujemy zasadno\u015bci niekt\u00f3rych proponowanych w nim bada\u0144 ale uwa\u017camy, \u017ce jest on przede wszystkim sposobem na wydanie 3 milion\u00f3w z\u0142otych przeznaczonych na ten cel.<\/p>\n<p>Zaniepokojeni jeste\u015bmy r\u00f3wnie\u017c tym, \u017ce na inauguruj\u0105cym projekt seminarium zabrak\u0142o le\u015bnik\u00f3w, a udzia\u0142 w monitoringu my\u015bliwych jest w\u0105tpliwy. Jeste\u015bmy przekonani, \u017ce le\u015bnicy i my\u015bliwi s\u0105 grupami spo\u0142ecznymi, bez kt\u00f3rych ani monitoring a tym bardziej racjonalna, czynna ochrona wilka nie powiod\u0105 si\u0119.<\/p>\n<p>Oni te\u017c tylko mog\u0105 zapobiega\u0107 w miar\u0119 skutecznie k\u0142usownictwu, kt\u00f3rego istnienie jest tajemnic\u0105 poliszynela.<\/p>\n<p>Pomimo dobrze opracowanych przes\u0142anek teoretycznych i wielu prowadzonych<br \/>\nod dziesi\u0119cioleci bada\u0144 terenowych, nie ma w \u015brodowisku naukowym konsensusu dotycz\u0105cego przyrodniczych i ekonomicznych skutk\u00f3w drapie\u017cnictwa wilk\u00f3w.<\/p>\n<p>Korzystaj\u0105 z tego organizacje \u201eekologiczne\u201d, kt\u00f3re na podstawie finansowanych przez podatnik\u00f3w i naiwnych darczy\u0144c\u00f3w nieskoordynowanych bada\u0144, sugeruj\u0105 katastrofalny stan populacji wilk\u00f3w i w emocjonalny spos\u00f3b domagaj\u0105 si\u0119 ich \u015bcis\u0142ej ochrony.<\/p>\n<p>Polska przoduje w Europie pod wzgl\u0119dem opracowa\u0144 naukowych dotycz\u0105cych wilka, kt\u00f3rych do 2014 r. wydano ponad sto. Tylko co wynika z tych publikacji<br \/>\ni szcz\u0105tkowego monitoringu, skoro w dalszym ci\u0105gu nie mamy wiarygodnych informacji, jakimi powinny by\u0107 zasi\u0119g populacji i liczebno\u015b\u0107.<\/p>\n<p>W 2006 r. (J\u0119drzejewski i in. ) okre\u015blono, \u017ce w Polsce \u017cyje 615 wilk\u00f3w\u00a0 a na ca\u0142ym Pomorzu w og\u00f3le ich nie ma, natomiast docelowo \u015brodowisko mo\u017ce wy\u017cywi\u0107\u00a0 odpowiednio 1500 i 240 osobnik\u00f3w.<\/p>\n<p>Optuj\u0105ce za \u015bcis\u0142\u0105 ochron\u0105 Stowarzyszenie dla Natury \u201eWilk\u201d w 2016 r. poda\u0142o,<br \/>\n\u017ce w kraju bytuje 1276 osobnik\u00f3w, w tym na wsch\u00f3d od Wis\u0142y 914, przy teoretycznie wyliczonej pojemno\u015bci \u015brodowiska na 600 a na zach\u00f3d od Wis\u0142y odpowiednio 362<br \/>\nna przewidziane 900. Okre\u015blono te\u017c, \u017ce na ca\u0142ym Pomorzu \u017cyj\u0105 144 osobniki.<br \/>\nTak precyzyjne liczby powinny wzbudzi\u0107 szacunek, lecz nie zgadzaj\u0105 si\u0119 z nimi le\u015bnicy, kt\u00f3rzy szacuj\u0105, \u017ce np. populacja wilk\u00f3w tylko na Pomorzu \u015arodkowym przekroczy\u0142a 200 osobnik\u00f3w, kt\u00f3re obserwowane s\u0105 ju\u017c we wszystkich nadle\u015bnictwach. M\u00f3wi si\u0119 o tym na coraz liczniejszych konferencjach i seminariach.<\/p>\n<p>Bywa, \u017ce niekt\u00f3rzy naukowcy i przedstawiciele ochroniarskich stowarzysze\u0144, opieraj\u0105c si\u0119 na informacjach publikowanych przed kilkoma laty, twierdz\u0105,<br \/>\n\u017ce na Pomorzu wilki s\u0105 w dalszym ci\u0105gu nieliczne.<\/p>\n<p>Przecz\u0105 temu doniesienia lokalnych medi\u00f3w, w kt\u00f3rych mieszka\u0144cy skar\u017c\u0105 si\u0119<br \/>\nna coraz agresywniejsze zachowania wilk\u00f3w, wkradaj\u0105cych si\u0119 nawet na podw\u00f3rza wiejskich zabudowa\u0144.<\/p>\n<p>Pojawia si\u0119 w\u015br\u00f3d mieszka\u0144c\u00f3w obawa przebywania w lesie a niech\u0119\u0107 do wilk\u00f3w w\u015br\u00f3d wiejskiej ludno\u015bci i my\u015bliwych, kt\u00f3rzy ponosz\u0105 skutki wzrastaj\u0105cej ilo\u015bci wilk\u00f3w narasta.<\/p>\n<p>Opieraj\u0105c si\u0119 na oficjalnych informacjach z GDO\u015a z 2012 r. oraz na prognozach corocznego przyrostu liczebno\u015bci, przypuszczamy, \u017ce obecnie w Polsce \u017cyje grubo ponad 2 tysi\u0105ce wilk\u00f3w.<\/p>\n<p>Przysz\u0142o\u015b\u0107 wilka zale\u017cy od racjonalnego zarz\u0105dzania jego populacj\u0105 a kluczowym czynnikiem b\u0119dzie akceptacja tego drapie\u017cnika przez miejscow\u0105 ludno\u015b\u0107, rolnik\u00f3w, le\u015bnik\u00f3w i my\u015bliwych.<\/p>\n<p>&nbsp;<\/p>\n<p>Prezes<\/p>\n<p>Stanis\u0142aw Jachowski<\/p>\n<p>&nbsp;<\/p>\n<p>do wiadomo\u015bci:<\/p>\n<ul>\n<li>przewodnicz\u0105cy Komisji Ochrony \u015arodowiska, Zasob\u00f3w Naturalnych i Le\u015bnictwa Sejmu RP<br \/>\n\u2013 Pan pose\u0142 Stanis\u0142aw Gaw\u0142owski<\/li>\n<li>Przewodnicz\u0105cy Komisji \u015arodowiska Senatu RP<br \/>\n\u2013 Pan senator Zdzis\u0142aw Pupa,<\/li>\n<li>Pose\u0142 na Sejm RP &#8211; Pani Ma\u0142gorzata Goli\u0144ska<\/li>\n<li>Podsekretarz Stanu w Ministerstwie \u015arodowiska G\u0142\u00f3wny Konserwator Przyrody<br \/>\n&#8211; Pan Andrzej Szweda-Lewandowsk<\/li>\n<li>Przewodnicz\u0105cy Pa\u0144stwowej Rady Ochrony Przyrody<br \/>\n\u2013 Pani prof. dr. hab. Wanda Olech-Piasecka<\/li>\n<li>Przewodnicz\u0105cy Zarz\u0105du G\u0142\u00f3wnego<br \/>\nPolskiego Towarzystwa Le\u015bnego<br \/>\n\u2013 Pan prof. dr hab. Andrzej Grzywacz<\/li>\n<li>Dyrektor Instytutu Ochrony Przyrody<br \/>\nPolskiej Akademii Nauk<br \/>\n-Pan prof. dr hab. Henryk Okarma<\/li>\n<\/ul>\n<p>&nbsp;<\/p>\n<p>&nbsp;<\/p>\n","protected":false},"excerpt":{"rendered":"<p>Szczecinek, 13 lipca 2017 r. L.dz. \u00a0\u00a0\u00a03\/07\/2017 dotyczy: krajowej strategii ochrony wilka Pan Andrzej Konieczny Podsekretarz Stanu w Ministerstwie \u015arodowiska \u00a0 Nawi\u0105zuj\u0105c do rozmowy w dniu 28 VI 2017 r. oraz do naszego pisma z dnia 20.03.2017 (L.dz. 3\/03\/2017) skierowanego do Pana ministra prof. Jana Szyszko, dotycz\u0105cego Krajowej strategii ochrony wilka (Canis lupus L.), na &#8230;<a href=\"https:\/\/stowarzyszenie-matecznik.pl\/index.php\/2017\/07\/13\/o-strategi-na-temat-wilka\/\" title=\"Read in detail: Krajowa stratega ochrony wilka\" rel=\"bookmark\" class=\"read-more\">read in detail<i class=\"fa fa-long-arrow-right\"><\/i><\/a><\/p>\n","protected":false},"author":1,"featured_media":0,"comment_status":"closed","ping_status":"closed","sticky":false,"template":"","format":"standard","meta":{"footnotes":""},"categories":[2],"tags":[],"class_list":["post-30","post","type-post","status-publish","format-standard","hentry","category-nasze-projekty"],"_links":{"self":[{"href":"https:\/\/stowarzyszenie-matecznik.pl\/index.php\/wp-json\/wp\/v2\/posts\/30","targetHints":{"allow":["GET"]}}],"collection":[{"href":"https:\/\/stowarzyszenie-matecznik.pl\/index.php\/wp-json\/wp\/v2\/posts"}],"about":[{"href":"https:\/\/stowarzyszenie-matecznik.pl\/index.php\/wp-json\/wp\/v2\/types\/post"}],"author":[{"embeddable":true,"href":"https:\/\/stowarzyszenie-matecznik.pl\/index.php\/wp-json\/wp\/v2\/users\/1"}],"replies":[{"embeddable":true,"href":"https:\/\/stowarzyszenie-matecznik.pl\/index.php\/wp-json\/wp\/v2\/comments?post=30"}],"version-history":[{"count":2,"href":"https:\/\/stowarzyszenie-matecznik.pl\/index.php\/wp-json\/wp\/v2\/posts\/30\/revisions"}],"predecessor-version":[{"id":32,"href":"https:\/\/stowarzyszenie-matecznik.pl\/index.php\/wp-json\/wp\/v2\/posts\/30\/revisions\/32"}],"wp:attachment":[{"href":"https:\/\/stowarzyszenie-matecznik.pl\/index.php\/wp-json\/wp\/v2\/media?parent=30"}],"wp:term":[{"taxonomy":"category","embeddable":true,"href":"https:\/\/stowarzyszenie-matecznik.pl\/index.php\/wp-json\/wp\/v2\/categories?post=30"},{"taxonomy":"post_tag","embeddable":true,"href":"https:\/\/stowarzyszenie-matecznik.pl\/index.php\/wp-json\/wp\/v2\/tags?post=30"}],"curies":[{"name":"wp","href":"https:\/\/api.w.org\/{rel}","templated":true}]}}