{"id":33,"date":"2017-12-14T12:20:11","date_gmt":"2017-12-14T11:20:11","guid":{"rendered":"http:\/\/wilk-na-pomorzu.pl\/?p=33"},"modified":"2020-08-10T09:50:18","modified_gmt":"2020-08-10T07:50:18","slug":"stanowisko-w-sprawie-asf","status":"publish","type":"post","link":"https:\/\/stowarzyszenie-matecznik.pl\/index.php\/2017\/12\/14\/stanowisko-w-sprawie-asf\/","title":{"rendered":"Stanowisko w sprawie ASF"},"content":{"rendered":"<p>Szczecinek, 14 grudnia 2017 r.<\/p>\n<p>L.dz. \u00a0\u00a0\u00a01\/12\/2017<\/p>\n<p><em>dotyczy: afryka\u0144skiego pomoru \u015bwi\u0144 (ASF)<\/em><\/p>\n<p style=\"text-align: left;\"><strong>Pan <\/strong><\/p>\n<p style=\"text-align: left;\"><strong>Mateusz Morawiecki<\/strong><\/p>\n<p style=\"text-align: left;\"><strong>Prezes Rady Ministr\u00f3w<\/strong><\/p>\n<p>Jako stowarzyszenie zajmuj\u0105ce si\u0119 m.in. wspieraniem dzia\u0142a\u0144 na rzecz zachowania zwierz\u0105t dziko \u017cyj\u0105cych w Polsce wyra\u017camy obawy i zaniepokojenie<br \/>\nw zwi\u0105zku ze stwierdzonymi nowymi ogniskami afryka\u0144skiego pomoru \u015bwi\u0144 (ASF)<br \/>\noraz stosowanymi praktykami w post\u0119powaniu z od\u0142owionymi dzikami z miast i ich wsiedlaniu do obwod\u00f3w \u0142owieckich.<\/p>\n<p>W zwi\u0105zku z powy\u017cszym zwracamy si\u0119 <strong>z wnioskiem o pilne wprowadzenie zakazu przemieszczania dzik\u00f3w, w tym szczeg\u00f3lnie pochodz\u0105cych z od\u0142ow\u00f3w w obszarach miejskich i z teren\u00f3w nie wchodz\u0105cych w sk\u0142ad obwod\u00f3w \u0142owieckich, np. lotnisk i obiekt\u00f3w wojskowych<\/strong>.<\/p>\n<p>Wyeliminowanie istniej\u0105cego ryzyka zawleczenia wirusa ASF wraz z dzikami pochodz\u0105cymi z od\u0142ow\u00f3w, <strong>\u00a0<\/strong>jest obecnie<strong> priorytetem. <\/strong><\/p>\n<p>Opr\u00f3cz od\u0142ow\u00f3w nale\u017cy stosowa\u0107 r\u00f3wnie\u017c odstrza\u0142 sanitarny, a od\u0142owione dziki powinny zosta\u0107 niezw\u0142ocznie u\u015bmiercone w najbli\u017cszym, bezpiecznym miejscu.<\/p>\n<p>W zwi\u0105zku z tym, \u017ce odstrza\u0142 sanitarny dzik\u00f3w prowadzony b\u0119dzie<br \/>\nw obszarach o du\u017cym zaludnieniu, osoby upowa\u017cnione do jego realizacji powinny by\u0107 wyposa\u017cone w bro\u0144, np. z optyk\u0105 noktowizyjn\u0105 oraz t\u0142umiki huku i odpowiedni\u0105 amunicj\u0119, bezpieczn\u0105 dla otoczenia. U\u015bmiercone dziki winny by\u0107 poddane badaniom na obecno\u015b\u0107 wirusa ASF oraz w\u0142o\u015bni.<\/p>\n<p><strong>UZASADNIENIE:<\/strong><\/p>\n<p>W ostatnim czasie stwierdzono nowe ogniska wirusa afryka\u0144skiego pomoru \u015bwi\u0144 (ASF). Wirus przekroczy\u0142 lini\u0119 Wis\u0142y i przesuwa si\u0119 w kierunku zachodnim.<br \/>\nW tym samym czasie dziki od\u0142awiane, mi\u0119dzy innymi: w Warszawie, \u0141odzi, Gda\u0144sku, Szczecinie, \u015awinouj\u015bciu, s\u0105 przewo\u017cone (niekiedy na odleg\u0142o\u015b\u0107 kilkuset kilometr\u00f3w)<br \/>\ni wsiedlane do obwod\u00f3w \u0142owieckich. Praktykuje si\u0119 to od wielu lat m.in. na Pomorzu \u015arodkowym. Przemieszczenia dzik\u00f3w odbywaj\u0105 si\u0119 niekiedy poza wiedz\u0105 i kontrol\u0105 s\u0142u\u017cb weterynaryjnych, a czasami\u00a0 tak\u017ce bez zgody urz\u0119d\u00f3w, (np. nadle\u015bnictw) wymaganych w procedurach ich wsiedlania do obwod\u00f3w \u0142owieckich.<\/p>\n<p>W \u015bwietle wyst\u0119puj\u0105cego i rosn\u0105cego zagro\u017cenia ASF w Polsce, wydane<br \/>\ndo dzisiaj decyzje Ministra \u015arodowiska na ch\u00f3w i hodowl\u0119 dzik\u00f3w, nale\u017cy niezw\u0142ocznie zrewidowa\u0107 pod k\u0105tem szczeg\u00f3lnego nadzoru weterynaryjnego<br \/>\na hodowle nie spe\u0142niaj\u0105ce warunk\u00f3w bioasekuracji winny by\u0107 natychmiast zamkni\u0119te poprzez cofni\u0119cie decyzji.<\/p>\n<p>Dzi\u0119ki proponowanemu post\u0119powaniu mo\u017cliwe jest szybkie i rzeczywiste rozwi\u0105zanie problemu depopulacji dzik\u00f3w w miastach. W wielu europejskich aglomeracjach np. w Barcelonie, Berlinie, Wiedniu, eliminacja dzik\u00f3w, pomimo braku zagro\u017ce\u0144 ze strony ASF jest zlecana przez s\u0142u\u017cby weterynaryjne z jednoczesnym zakazem ich przemieszczania.<\/p>\n<p>Praktykowane od lat od\u0142owy dzik\u00f3w, przew\u00f3z ich do specjalnych o\u015brodk\u00f3w hodowli zwierzyny w celu\u00a0 rzekomego powrotu do natury i nast\u0119pnie ich wsiedlanie do obwod\u00f3w \u0142owieckich, s\u0105 obecnie niczym nieuzasadnione i nios\u0105 ogromne ryzyko zawleczenia wirusa ASF na tereny zachodniej cz\u0119\u015bci Polski, regionu<br \/>\no najintensywniejszej hodowli trzody chlewnej w kraju.<\/p>\n<p>Dziki, kt\u00f3re nauczy\u0142y si\u0119 bytowa\u0107 w obszarach miast, pr\u0119dzej czy p\u00f3\u017aniej<br \/>\ndo nich powracaj\u0105.<\/p>\n<p>W zwi\u0105zku z tym, ponoszone m.in. przez miasta, znacz\u0105ce nak\u0142ady pieni\u0119\u017cne na od\u0142\u00f3w dzik\u00f3w, wydatki na ich transport na odleg\u0142o\u015b\u0107 cz\u0119sto kilkuset kilometr\u00f3w, koszty ich kilkumiesi\u0119cznego przetrzymywania, nie s\u0105 w \u017caden spos\u00f3b uzasadnione. Ponadto w trakcie przetrzymywania dzik\u00f3w w prowadzonych, na podstawie decyzji Ministra \u015arodowiska na ch\u00f3w i hodowl\u0119 dzik\u00f3w do wsiedle\u0144, zagrodach hodowli dzik\u00f3w dochodzi do ich rozrodu i niekontrolowanego, dynamicznego wzrostu<br \/>\nich liczebno\u015bci.<\/p>\n<p>Z podobnymi sugestiami wyst\u0119powali\u015bmy wielokrotnie w ostatnich latach<br \/>\ndo kompetentnych urz\u0119d\u00f3w, w tym urz\u0119d\u00f3w marsza\u0142kowskich.<\/p>\n<p>Wyra\u017camy nadziej\u0119, \u017ce zaproponowane przez nas rozwi\u0105zania b\u0119d\u0105 pomocne w zapobieganiu rozprzestrzeniania si\u0119 wirusa ASF.<\/p>\n<p>Jednocze\u015bnie informujemy, \u017ce stowarzyszenie nasze skupia osoby posiadaj\u0105ce spore do\u015bwiadczenie i wieloletni\u0105 praktyk\u0119 w zarz\u0105dzaniu populacjami zwierz\u0105t dziko \u017cyj\u0105cych, kt\u00f3re mog\u0105 by\u0107 pomocne w opracowaniu niezb\u0119dnych procedur, s\u0142u\u017c\u0105cych rozwi\u0105zaniu tego problemu.<\/p>\n<p style=\"text-align: center;\">Z powa\u017caniem<\/p>\n<p style=\"text-align: center;\">Prezes<\/p>\n<p style=\"text-align: center;\">Stanis\u0142aw Jachowski<\/p>\n<p>&nbsp;<\/p>\n<p>do wiadomo\u015bci:<\/p>\n<ul>\n<li>Minister Rolnictwa i Rozwoju Wsi \u2013 Krzysztof Jurgiel<\/li>\n<li>Minister \u015arodowiska \u2013Jan Szyszko<\/li>\n<li>G\u0142\u00f3wny Lekarz Weterynarii &#8211; Pawe\u0142 Niemczuk<\/li>\n<li>G\u0142\u00f3wny Inspektor Ochrony \u015arodowiska \u2013 Marek Haliniak<\/li>\n<li>Generalny Dyrektor Ochrony \u015arodowiska \u2013 Krzysztof Lissowski<\/li>\n<li>Dyrektor Generalny Las\u00f3w Pa\u0144stwowych \u2013 Konrad Tomaszewski<\/li>\n<li>Przewodnicz\u0105cy Zarz\u0105du G\u0142\u00f3wnego PZ\u0141 \u2013 Lech Bloch<\/li>\n<\/ul>\n<p>&nbsp;<\/p>\n","protected":false},"excerpt":{"rendered":"<p>Szczecinek, 14 grudnia 2017 r. L.dz. \u00a0\u00a0\u00a01\/12\/2017 dotyczy: afryka\u0144skiego pomoru \u015bwi\u0144 (ASF) Pan Mateusz Morawiecki Prezes Rady Ministr\u00f3w Jako stowarzyszenie zajmuj\u0105ce si\u0119 m.in. wspieraniem dzia\u0142a\u0144 na rzecz zachowania zwierz\u0105t dziko \u017cyj\u0105cych w Polsce wyra\u017camy obawy i zaniepokojenie w zwi\u0105zku ze stwierdzonymi nowymi ogniskami afryka\u0144skiego pomoru \u015bwi\u0144 (ASF) oraz stosowanymi praktykami w post\u0119powaniu z od\u0142owionymi dzikami &#8230;<a href=\"https:\/\/stowarzyszenie-matecznik.pl\/index.php\/2017\/12\/14\/stanowisko-w-sprawie-asf\/\" title=\"Read in detail: Stanowisko w sprawie ASF\" rel=\"bookmark\" class=\"read-more\">read in detail<i class=\"fa fa-long-arrow-right\"><\/i><\/a><\/p>\n","protected":false},"author":1,"featured_media":0,"comment_status":"closed","ping_status":"closed","sticky":false,"template":"","format":"standard","meta":{"footnotes":""},"categories":[2],"tags":[],"class_list":["post-33","post","type-post","status-publish","format-standard","hentry","category-nasze-projekty"],"_links":{"self":[{"href":"https:\/\/stowarzyszenie-matecznik.pl\/index.php\/wp-json\/wp\/v2\/posts\/33","targetHints":{"allow":["GET"]}}],"collection":[{"href":"https:\/\/stowarzyszenie-matecznik.pl\/index.php\/wp-json\/wp\/v2\/posts"}],"about":[{"href":"https:\/\/stowarzyszenie-matecznik.pl\/index.php\/wp-json\/wp\/v2\/types\/post"}],"author":[{"embeddable":true,"href":"https:\/\/stowarzyszenie-matecznik.pl\/index.php\/wp-json\/wp\/v2\/users\/1"}],"replies":[{"embeddable":true,"href":"https:\/\/stowarzyszenie-matecznik.pl\/index.php\/wp-json\/wp\/v2\/comments?post=33"}],"version-history":[{"count":4,"href":"https:\/\/stowarzyszenie-matecznik.pl\/index.php\/wp-json\/wp\/v2\/posts\/33\/revisions"}],"predecessor-version":[{"id":549,"href":"https:\/\/stowarzyszenie-matecznik.pl\/index.php\/wp-json\/wp\/v2\/posts\/33\/revisions\/549"}],"wp:attachment":[{"href":"https:\/\/stowarzyszenie-matecznik.pl\/index.php\/wp-json\/wp\/v2\/media?parent=33"}],"wp:term":[{"taxonomy":"category","embeddable":true,"href":"https:\/\/stowarzyszenie-matecznik.pl\/index.php\/wp-json\/wp\/v2\/categories?post=33"},{"taxonomy":"post_tag","embeddable":true,"href":"https:\/\/stowarzyszenie-matecznik.pl\/index.php\/wp-json\/wp\/v2\/tags?post=33"}],"curies":[{"name":"wp","href":"https:\/\/api.w.org\/{rel}","templated":true}]}}