{"id":333,"date":"2020-06-06T12:50:50","date_gmt":"2020-06-06T10:50:50","guid":{"rendered":"http:\/\/stowarzyszenie-matecznik.pl\/?p=333"},"modified":"2020-08-09T22:20:01","modified_gmt":"2020-08-09T20:20:01","slug":"konferencja-i-warsztaty-przyrodnicze-dla-przedstawicieli-mediow","status":"publish","type":"post","link":"https:\/\/stowarzyszenie-matecznik.pl\/index.php\/2020\/06\/06\/konferencja-i-warsztaty-przyrodnicze-dla-przedstawicieli-mediow\/","title":{"rendered":"Konferencja i warsztaty przyrodnicze dla dziennikarzy."},"content":{"rendered":"<p><strong><img decoding=\"async\" class=\"alignnone wp-image-438\" src=\"http:\/\/stowarzyszenie-matecznik.pl\/wp-content\/uploads\/2020\/08\/logo-1-300x300.png\" alt=\"Konferencja Orzechowo Morskie 2019\" width=\"55\" height=\"55\" srcset=\"https:\/\/stowarzyszenie-matecznik.pl\/wp-content\/uploads\/2020\/08\/logo-1-300x300.png 300w, https:\/\/stowarzyszenie-matecznik.pl\/wp-content\/uploads\/2020\/08\/logo-1-1024x1024.png 1024w, https:\/\/stowarzyszenie-matecznik.pl\/wp-content\/uploads\/2020\/08\/logo-1-150x150.png 150w, https:\/\/stowarzyszenie-matecznik.pl\/wp-content\/uploads\/2020\/08\/logo-1-768x768.png 768w, https:\/\/stowarzyszenie-matecznik.pl\/wp-content\/uploads\/2020\/08\/logo-1.png 1200w\" sizes=\"(max-width: 55px) 100vw, 55px\" \/>Konferencja i warsztaty <\/strong><\/p>\n<p><strong><em>O ochronie oraz u\u017cytkowaniu zasob\u00f3w naturalnych, puszczach, lasach i ich mieszka\u0144cach<\/em><\/strong> odby\u0142y si\u0119 w Orzechowie Morskie oraz na terenie S\u0142owi\u0144skiego Parku Narodowego 18 -20 pa\u017adziernika 2019 .<\/p>\n<p>Stowarzyszenie Matecznik przyst\u0119puj\u0105c do organizacji konferencji postanowi\u0142o by inicjatywa ta sta\u0142a si\u0119 inspiracj\u0105 do cyklicznych spotka\u0144 przedstawicieli nauk przyrodniczych z dziennikarzami, kt\u00f3rzy poprzez MEDIA kszta\u0142tuj\u0105 \u015bwiadomo\u015b\u0107 spo\u0142eczn\u0105 o \u015brodowisku naturalnym.<\/p>\n<p>Potrzeba realizowania takich spotka\u0144 wynika z do\u015bwiadcze\u0144 naszego Stowarzyszenia, kt\u00f3rego dotychczasowe dzia\u0142ania by\u0142y raczej skierowane do w\u0105skich, specjalistycznych grup spo\u0142ecznych, w\u0142odarzy miast, przedstawicieli instytucji rz\u0105dowych i ustawodawczych stykaj\u0105cych si\u0119 w swojej dzia\u0142alno\u015bci z zagadnieniami przyrodniczymi. Bardzo cz\u0119sto podejmowane przez Matecznik inicjatywy, napotyka\u0142y na op\u00f3r. Milczenie, oboj\u0119tno\u015b\u0107 lub bezczynno\u015b\u0107 wobec proponowanych pr\u00f3b zapobiegania niekorzystnym zjawiskom zachodz\u0105cym w r\u00f3\u017cnych biotopach, naszym zdaniem wynika z l\u0119ku przed zmianami. Reakcje na naukowo poparte propozycje sprowadzaj\u0105 si\u0119 cz\u0119sto do zachowa\u0144 konserwuj\u0105cych status quo, w obawie przed sprzeciwem opinii spo\u0142ecznej.<\/p>\n<p>Opinia publiczna coraz bardziej jest kszta\u0142towana przez celebryt\u00f3w i miejskie organizacje ekologiczne a coraz s\u0142abiej do \u015bwiadomo\u015bci spo\u0142ecze\u0144stw docieraj\u0105 opinie ze \u015bwiata nauki. Dzisiaj spo\u0142ecze\u0144stwo swoj\u0105 wiedz\u0119 ekologiczn\u0105 opiera na informacjach dostarczanych przez pras\u0119, telewizj\u0119, radio i internet. Ze wzgl\u0119du na spos\u00f3b funkcjonowania medi\u00f3w i dora\u017any charakter przekazywanych tre\u015bci, szybka informacja zast\u0119puje edukacj\u0119, subiektywny pogl\u0105d zast\u0119puje racjonaln\u0105 wiedz\u0119. Jeste\u015bmy tak ukszta\u0142towani jako odbiorcy przekaz\u00f3w medialnych, \u017ce oczekujemy ju\u017c tylko informacji ukierunkowanej, nie chcemy rozumie\u0107, docieka\u0107, sprawdza\u0107, bo wa\u017cniejsze jest wra\u017cenie i odczucie. Subiektywizm wypiera racjonalizm a wiele poj\u0119\u0107 zwi\u0105zanych z przyrod\u0105 zmienia swoje pierwotne zastosowanie i p\u0119cznieje od wieloznaczno\u015bci.<\/p>\n<p>Niestety, w przestrzeni medialnej pomi\u0119dzy rzetelnymi i sensownymi propozycjami\u00a0 \u201epotykamy\u201d si\u0119 o pseudonaukow\u0105 wiedz\u0119 na temat ekologii. \u201dWiedza\u201d ta niestety r\u00f3wnie\u017c kszta\u0142tuje, propaguje i utrwala w spo\u0142ecze\u0144stwie fa\u0142szywe pogl\u0105dy, cz\u0119sto prowokuj\u0105c do agresywnych zachowa\u0144.<\/p>\n<p>Jak temu zaradzi\u0107?<\/p>\n<p>Jednym z dost\u0119pnych dzisiaj sposob\u00f3w zapobiegania negatywnym skutkom dzia\u0142alno\u015bci cz\u0142owieka jest merytoryczna debata oparta na kompetencjach jej uczestnik\u00f3w. Ws\u0142uchanie si\u0119 w to co naukowcy chc\u0105 nam powiedzie\u0107 jest konieczno\u015bci\u0105 i warunkiem prowadzenia pomy\u015blnego dla wszystkich dialogu.<\/p>\n<p><strong>Pok\u0142osiem Konferencji jest publikacja<\/strong><\/p>\n<p>\u201eO ochronie oraz u\u017cytkowaniu\u00a0 zasob\u00f3w naturalnych, puszczach, lasach i ich mieszka\u0144cach\u201d<\/p>\n<p>Dedykujemy t\u0119 publikacj\u0105 wszystkim tym, kt\u00f3rzy zajmuj\u0105 si\u0119 ochron\u0105 i u\u017cytkowaniem \u015brodowiska a szczeg\u00f3lnie dziennikarzom, bo to oni najskuteczniej mog\u0105 dociera\u0107 do spo\u0142ecze\u0144stwa. Wszyscy powinni\u015bmy zdawa\u0107 sobie spraw\u0119 z tego, \u017ce merytoryczna edukacja ekologiczna spo\u0142ecze\u0144stwa, pozbawiona emocji i b\u0142\u0119d\u00f3w kreuje w\u0142a\u015bciwe, proekologiczne postawy i bezpo\u015brednio przek\u0142ada si\u0119 na\u00a0 popraw\u0119 ochrony \u015brodowiska. Bez udzia\u0142u\u00a0 kompetentnych medi\u00f3w osi\u0105gniecie tego jest niemo\u017cliwe.<\/p>\n<p><a href=\"http:\/\/stowarzyszenie-matecznik.pl\/index.php\/2020\/08\/05\/o-ochronie-oraz-uzytkowaniu-zasobow-naturalnych-puszczach-lasachi-ich-mieszkancach\/\"><img fetchpriority=\"high\" decoding=\"async\" class=\"alignleft wp-image-321 size-medium\" src=\"http:\/\/stowarzyszenie-matecznik.pl\/wp-content\/uploads\/2020\/08\/ok\u0142adka-na-stron\u0119-215x300.jpg\" alt=\"\" width=\"215\" height=\"300\" srcset=\"https:\/\/stowarzyszenie-matecznik.pl\/wp-content\/uploads\/2020\/08\/ok\u0142adka-na-stron\u0119-215x300.jpg 215w, https:\/\/stowarzyszenie-matecznik.pl\/wp-content\/uploads\/2020\/08\/ok\u0142adka-na-stron\u0119-734x1024.jpg 734w, https:\/\/stowarzyszenie-matecznik.pl\/wp-content\/uploads\/2020\/08\/ok\u0142adka-na-stron\u0119-768x1071.jpg 768w, https:\/\/stowarzyszenie-matecznik.pl\/wp-content\/uploads\/2020\/08\/ok\u0142adka-na-stron\u0119.jpg 794w\" sizes=\"(max-width: 215px) 100vw, 215px\" \/><\/a><\/p>\n","protected":false},"excerpt":{"rendered":"<p>Konferencja i warsztaty O ochronie oraz u\u017cytkowaniu zasob\u00f3w naturalnych, puszczach, lasach i ich mieszka\u0144cach odby\u0142y si\u0119 w Orzechowie Morskie oraz na terenie S\u0142owi\u0144skiego Parku Narodowego 18 -20 pa\u017adziernika 2019 . Stowarzyszenie Matecznik przyst\u0119puj\u0105c do organizacji konferencji postanowi\u0142o by inicjatywa ta sta\u0142a si\u0119 inspiracj\u0105 do cyklicznych spotka\u0144 przedstawicieli nauk przyrodniczych z dziennikarzami, kt\u00f3rzy poprzez MEDIA kszta\u0142tuj\u0105 &#8230;<a href=\"https:\/\/stowarzyszenie-matecznik.pl\/index.php\/2020\/06\/06\/konferencja-i-warsztaty-przyrodnicze-dla-przedstawicieli-mediow\/\" title=\"Read in detail: Konferencja i warsztaty przyrodnicze dla dziennikarzy.\" rel=\"bookmark\" class=\"read-more\">read in detail<i class=\"fa fa-long-arrow-right\"><\/i><\/a><\/p>\n","protected":false},"author":4,"featured_media":530,"comment_status":"closed","ping_status":"closed","sticky":false,"template":"","format":"standard","meta":{"footnotes":""},"categories":[2],"tags":[],"class_list":["post-333","post","type-post","status-publish","format-standard","has-post-thumbnail","hentry","category-nasze-projekty"],"_links":{"self":[{"href":"https:\/\/stowarzyszenie-matecznik.pl\/index.php\/wp-json\/wp\/v2\/posts\/333","targetHints":{"allow":["GET"]}}],"collection":[{"href":"https:\/\/stowarzyszenie-matecznik.pl\/index.php\/wp-json\/wp\/v2\/posts"}],"about":[{"href":"https:\/\/stowarzyszenie-matecznik.pl\/index.php\/wp-json\/wp\/v2\/types\/post"}],"author":[{"embeddable":true,"href":"https:\/\/stowarzyszenie-matecznik.pl\/index.php\/wp-json\/wp\/v2\/users\/4"}],"replies":[{"embeddable":true,"href":"https:\/\/stowarzyszenie-matecznik.pl\/index.php\/wp-json\/wp\/v2\/comments?post=333"}],"version-history":[{"count":20,"href":"https:\/\/stowarzyszenie-matecznik.pl\/index.php\/wp-json\/wp\/v2\/posts\/333\/revisions"}],"predecessor-version":[{"id":531,"href":"https:\/\/stowarzyszenie-matecznik.pl\/index.php\/wp-json\/wp\/v2\/posts\/333\/revisions\/531"}],"wp:featuredmedia":[{"embeddable":true,"href":"https:\/\/stowarzyszenie-matecznik.pl\/index.php\/wp-json\/wp\/v2\/media\/530"}],"wp:attachment":[{"href":"https:\/\/stowarzyszenie-matecznik.pl\/index.php\/wp-json\/wp\/v2\/media?parent=333"}],"wp:term":[{"taxonomy":"category","embeddable":true,"href":"https:\/\/stowarzyszenie-matecznik.pl\/index.php\/wp-json\/wp\/v2\/categories?post=333"},{"taxonomy":"post_tag","embeddable":true,"href":"https:\/\/stowarzyszenie-matecznik.pl\/index.php\/wp-json\/wp\/v2\/tags?post=333"}],"curies":[{"name":"wp","href":"https:\/\/api.w.org\/{rel}","templated":true}]}}