{"id":81,"date":"2019-06-06T13:49:31","date_gmt":"2019-06-06T11:49:31","guid":{"rendered":"http:\/\/stowarzyszenie-matecznik.pl\/?p=81"},"modified":"2019-09-16T14:16:17","modified_gmt":"2019-09-16T12:16:17","slug":"wniosek-w-sprawie-zmian-przepisow-prawa-w-celu-kontrolowanego-ograniczania-liczebnosci-populacji-wilkow","status":"publish","type":"post","link":"https:\/\/stowarzyszenie-matecznik.pl\/index.php\/2019\/06\/06\/wniosek-w-sprawie-zmian-przepisow-prawa-w-celu-kontrolowanego-ograniczania-liczebnosci-populacji-wilkow\/","title":{"rendered":"Wniosek w sprawie zmian przepis\u00f3w prawa w celu kontrolowanego ograniczania liczebno\u015bci populacji wilk\u00f3w"},"content":{"rendered":"\n<p><\/p>\n\n\n\n<p><\/p>\n\n\n\n<p><strong>Pan Henryk Kowalczyk<\/strong><strong><\/strong><\/p>\n\n\n\n<p><strong>Minister \u015arodowiska<\/strong><strong><\/strong><\/p>\n\n\n\n<p><strong>Ul. Wawelska\n52\/54<\/strong><strong><\/strong><\/p>\n\n\n\n<p><strong>00-922\nWarszawa<\/strong><strong><\/strong><\/p>\n\n\n\n<p><strong>WNIOSEK<\/strong><\/p>\n\n\n\n<p><strong>Dotyczy: zmian przepis\u00f3w\nprawa w celu kontrolowanego ograniczania liczebno\u015bci populacji wilk\u00f3w (Canis lupus)\nw Polsce.<\/strong><\/p>\n\n\n\n<p><strong>UZASADNIENIE<\/strong><\/p>\n\n\n\n<p>Sk\u0142adaj\u0105c powy\u017cszy wniosek uprzejmie informujemy, \u017ce reprezentujemy\ncz\u0142onk\u00f3w stowarzyszenia posiadaj\u0105cych do\u015bwiadczenie i przygotowanie przyrodnicze.\nTre\u015bci naszego wniosku opieramy na analizie najnowszych wynik\u00f3w bada\u0144\nnaukowych, opiniach, wnioskach, sonda\u017cach, w tym tak\u017ce obserwacjach w\u0142asnych.\nZnane nam s\u0105 pogl\u0105dy europejskich i krajowych naukowc\u00f3w oraz aktywist\u00f3w\nprezentuj\u0105cych r\u00f3\u017cne, niekiedy zupe\u0142nie odmienne stanowiska dotycz\u0105ce\nca\u0142kowitej ochrony, b\u0105d\u017a zr\u00f3wnowa\u017conego sterowania populacj\u0105 wilk\u00f3w.<\/p>\n\n\n\n<p><strong>Nadrz\u0119dnym celem wniosku\njest bezpiecze\u0144stwo ludzi i ich w\u0142asno\u015bci. Minimalizacja obaw i strachu oraz ograniczenie\nkonflikt\u00f3w pomi\u0119dzy lud\u017ami a wilkami, s\u0105 obecnie priorytetami w oczekiwaniach\nspo\u0142eczno\u015bci obszar\u00f3w wiejskich. <\/strong><\/p>\n\n\n\n<p>W 2015 roku wraz z Sejmow\u0105 Komisj\u0105 Ochrony \u015arodowiska,\nZasob\u00f3w Naturalnych i Le\u015bnictwa, Senack\u0105 Komisj\u0105 \u015arodowiska oraz Polskim\nTowarzystwem Le\u015bnym wsp\u00f3\u0142organizowali\u015bmy konferencj\u0119 pt. <em>\u201ePrzysz\u0142o\u015b\u0107 wilka w Polsce\u201d<\/em>, podczas kt\u00f3rej wnioskowano konieczno\u015b\u0107\npilnego zaj\u0119cia si\u0119 tym konfliktowym gatunkiem. <\/p>\n\n\n\n<p>Coraz liczniej wyst\u0119puj\u0105ce wilki, zagra\u017caj\u0105 bezpiecze\u0144stwu\noraz wywo\u0142uj\u0105 uzasadniony strach u&nbsp;mieszka\u0144c\u00f3w obszar\u00f3w wiejskich. Dotyczy to r\u00f3wnie\u017c turyst\u00f3w oraz\nos\u00f3b korzystaj\u0105cych z teren\u00f3w le\u015bnych i polnych. Ludzie boj\u0105 si\u0119: przebywa\u0107 w\nlesie i jego s\u0105siedztwie, pozwoli\u0107 dzieciom samodzielnie p\u00f3j\u015b\u0107 pieszo do\nszko\u0142y, wyj\u015b\u0107 na spacer, jagody, grzyby, w\u0119dkowanie lub w odwiedziny do\ns\u0105siad\u00f3w.<\/p>\n\n\n\n<p>W niekt\u00f3rych regionach drapie\u017cniki te dziesi\u0105tkuj\u0105\nzwierz\u0119ta gospodarskie i uniemo\u017cliwiaj\u0105 ich hodowl\u0119 (np. <strong>50 danieli<\/strong> w zagrodzie ko\u0142o Bia\u0142ogardu lub <strong>25 danieli <\/strong>ko\u0142o Szubina \u2013<strong> zabijanych\njednorazowo przez wilki<\/strong>). Z tych powod\u00f3w, redukcji pog\u0142owia wilk\u00f3w domagaj\u0105\nsi\u0119 mieszka\u0144cy obszar\u00f3w wiejskich, w tym w\u0142a\u015bciciele ps\u00f3w, hodowcy owiec, k\u00f3z, byd\u0142a,\nkoni oraz hodowanych w&nbsp;zagrodach jeleni\ni danieli. <\/p>\n\n\n\n<p>Drapie\u017cnictwo wilk\u00f3w staje si\u0119 coraz bardziej zauwa\u017calne\ntak\u017ce w\u015br\u00f3d gatunk\u00f3w dzikich zwierz\u0105t kopytnych, powoduj\u0105c zmian\u0119 ich zachowa\u0144.\nReakcj\u0105 obronn\u0105 jest cz\u0119ste tworzenie licznych ugrupowa\u0144 ro\u015blino\u017cerc\u00f3w, powoduj\u0105cych\nkoncentracj\u0119 uci\u0105\u017cliwych szk\u00f3d gospodarczych w rolnictwie i&nbsp;le\u015bnictwie. &nbsp;<\/p>\n\n\n\n<p>Oczywistymi faktami jest ekspansja terytorialna wilk\u00f3w\noraz wiedza o tym, \u017ce ich populacje <strong>nie\ns\u0105 zagro\u017cone wygini\u0119ciem <\/strong>(J. Krawczyk 2017), a liczebno\u015b\u0107 gatunku dynamicznie\nwzrasta. Wilki tworz\u0105 niespotykane dotychczas watahy o liczbie przekraczaj\u0105cej 20\nosobnik\u00f3w (E. Marsza\u0142ek 2019). Po wysyceniu najlepszych terytori\u00f3w, wilki\nzaczynaj\u0105 zasiedla\u0107 tak\u017ce zaludnione tereny rolnicze i inne strefy\nzurbanizowane. Na tych obszarach coraz cz\u0119\u015bciej dochodzi do krzy\u017cowania si\u0119\nwilk\u00f3w z psami. W ostatnim czasie potwierdzono wyst\u0119powanie takich miesza\u0144c\u00f3w w\nokolicach Ko\u0142obrzegu, Szubina i&nbsp;Sanoka. Zjawisko to wymaga zdecydowanej reakcji\nw celu eliminacji takich osobnik\u00f3w ze \u015brodowiska. <\/p>\n\n\n\n<p>Podczas sympozjum \u201e<em>The Wolf in Europe \u2013 Utopia and Reality<\/em>\u201d zorganizowanego w dniach &nbsp;25 &#8211; 28 kwietnia 2019 roku w Halberstadt w Niemczech, w kt\u00f3rym uczestniczy\u0142 przedstawiciel Stowarzyszenia \u201eMATECZNIK\u201d, zabrak\u0142o udzia\u0142u polskich badaczy wilk\u00f3w, kt\u00f3rzy powinni zaprezentowa\u0107 wyniki swoich bada\u0144. W czasie konferencji m. in. przedstawiano, \u017ce na S\u0142owacji, Litwie, \u0141otwie, Estonii, Szwecji, Finlandii, w Chorwacji i Francji prowadzona jest kontrolowana regulacja liczebno\u015bci populacji wilk\u00f3w poprzez limitowane odstrza\u0142y, do kt\u00f3rej obecnie przygotowuj\u0105 si\u0119 r\u00f3wnie\u017c Niemcy i Czesi. Praktyka i badania naukowe dowodz\u0105, \u017ce powinno si\u0119 regulowa\u0107 liczebno\u015b\u0107 wilk\u00f3w poprzez odstrza\u0142 (L.Boitani, D.Mech, H.Okarma, K.Granlund 2019). Do tego sk\u0142aniaj\u0105 obserwowane osobniki pozbawione l\u0119ku, w tym agresywne w stosunku do cz\u0142owieka. <\/p>\n\n\n\n<p><strong>W 2018 roku w Polsce\npotwierdzono a\u017c cztery ataki wilk\u00f3w na ludzi<\/strong>. Spotykane\ns\u0105 coraz cz\u0119\u015bciej wilki chore np. na \u015bwierzb, oraz ich miesza\u0144ce z psami. Wzrasta\nilo\u015b\u0107 kolizji drogowych z&nbsp;udzia\u0142em wilk\u00f3w, np. w ostatnich latach w\nNiemczech a\u017c o 66% (H. J. D\u00f6hle 2019). Powszechnie obserwowane s\u0105 wilki w porze\ndziennej w bezpo\u015brednim s\u0105siedztwie siedzib ludzkich. (K.Granlund, 2019). Na\npodstawie wielu bada\u0144 naukowych udowodniono tak\u017ce, \u017ce <strong>do rozrodu poza samic\u0105 \u201ealfa\u201d przyst\u0119puj\u0105 tak\u017ce inne samice z tej samej,\nspokrewnionej grupy wilczej<\/strong> (D.Mech, 2000, J.S.Morris, E.K.Brandt, 2014).<\/p>\n\n\n\n<p>W trakcie ww. mi\u0119dzynarodowego sympozjum w Halberstadt <strong>negatywnie oceniono<\/strong> nagminnie wyst\u0119puj\u0105ce\nw przekazach medialnych: braki podstaw wiedzy przyrodniczej, manipulacje, \u201ebambizm\u201d\noraz powszechne przenoszenie cech ludzkich do \u015bwiata zwierz\u0105t jak np.: <strong>nazywanie watah, grup wilczych \u2013 rodzinami\nlub grupami rodzinnymi<\/strong>, <strong>samic wilk\u00f3w\nz przych\u00f3wkiem \u2013 matkami z&nbsp;dzie\u0107mi<\/strong> lub przypisywanie tym drapie\u017cnikom\nuczu\u0107 wy\u017cszych, jak <strong>mi\u0142o\u015b\u0107<\/strong>.<\/p>\n\n\n\n<p>Wykazywane oficjalnie dane o liczebno\u015bci wilk\u00f3w w\nPolsce niestety nie s\u0105 wiarygodne (za\u0142. nr&nbsp;1). W ostatnich pi\u0119ciu latach\nwielokrotnie pisali\u015bmy o tym do Ministra \u015arodowiska wnosz\u0105c o&nbsp;wprowadzenie\nstrategii zarz\u0105dzania populacj\u0105 wilk\u00f3w. Do chwili obecnej nie otrzymali\u015bmy\nwi\u0105\u017c\u0105cej odpowiedzi na ten temat. Natomiast w pi\u015bmie z Ministerstwa \u015arodowiska\nzn. spr.: DL-III.677.97.2017.JC z&nbsp;11.12.2017 roku stwierdzono m. in.: \u201e<strong><em>z\npowodu rosn\u0105cej populacji wilka i jego ekspansji dyskusyjne jest ustanawianie\nprogramu ochrony<\/em><\/strong><em> <strong>gatunku, kt\u00f3ry nie jest zagro\u017cony\nwygini\u0119ciem\u201d<\/strong><\/em>. <\/p>\n\n\n\n<p>Populacja wilk\u00f3w w Polsce jest wyj\u0105tkowo liczna w\npor\u00f3wnaniu z innymi krajami Europy (za\u0142. nr&nbsp;2). &nbsp;W 2019 roku, przed okresem rozrodu szacowana\nby\u0142a w przedziale od 2&nbsp;500 do 3&nbsp;000 osobnik\u00f3w (H.Okarma 2019). Wed\u0142ug\nsymulacji (za\u0142. nr 3) mo\u017ce osi\u0105ga\u0107 poziom w przedziale nawet od oko\u0142o 7&nbsp;000\ndo ponad 8&nbsp;000 wilk\u00f3w. Za tym drugim zakresem mog\u0105 przemawia\u0107 obserwacje\nnaukowc\u00f3w z&nbsp;kraj\u00f3w o\u015bciennych. Twierdz\u0105 oni, \u017ce polska populacja wilk\u00f3w jest\nnajwi\u0119kszym rezerwuarem zasilaj\u0105cym populacje tego gatunku w Niemczech, Czechach\ni na S\u0142owacji (J.Teubner, S.Butzeck, S.Petrick, M.Rajsky, I.\u015auba, J.Cernevy, M.Zikmund,\nF.Flisek 2019). W tych kwestiach, \u201eoczy i uszy\u201d naukowc\u00f3w z Europy zwr\u00f3cone s\u0105\nna Polsk\u0119. Bior\u0105c pod uwag\u0119 powy\u017csze szacunki oraz <strong>mo\u017cliwy przyrost roczny populacji wilk\u00f3w na poziomie 30%<\/strong> (M.Stubbe,\n2019), mo\u017cemy w Polsce w 2019 roku spodziewa\u0107 si\u0119 przyrostu w przedziale <strong>750<\/strong> do <strong>2&nbsp;400<\/strong> <strong>wilk\u00f3w<\/strong>. <\/p>\n\n\n\n<p><strong>Wilki w Polsce s\u0105 nadal\ngatunkiem \u015bci\u015ble chronionym \u2013 pomimo, \u017ce nie wymagaj\u0105 tego \u017cadne ww. wzgl\u0119dy\nmerytoryczne ani zobowi\u0105zania mi\u0119dzynarodowe. <\/strong>Istotnym jest posiadanie wiedzy o optymalnym poziomie\nliczebno\u015bci wilk\u00f3w w naszym kraju. Na podstawie modelu przydatno\u015bci siedlisk oszacowano\noptymalne ilo\u015bci wilk\u00f3w w poszczeg\u00f3lnych regionach, <strong>a \u0142\u0105czn\u0105 optymaln\u0105 liczebno\u015b\u0107 gatunku w Polsce okre\u015blono na 1&nbsp;586\nosobnik\u00f3w <\/strong>(Instytut Biologii Ssak\u00f3w Polskiej Akademii Nauk w Bia\u0142owie\u017cy: W.J\u0119drzejewski,\nB.Zawadzka, T.Borowik i in. 2008). <strong>W\nPolsce przed okresem rozrodu w 2019 roku wilki podwoi\u0142y ju\u017c t\u0119 liczebno\u015b\u0107<\/strong>. W\nzwi\u0105zku z powy\u017cszym wyst\u0119puje uzasadniona, pilna potrzeba ograniczania\nliczebno\u015bci populacji wilka do stanu optymalnego i sta\u0142e utrzymywanie jej na\ntym poziomie.<\/p>\n\n\n\n<p><strong>Wilki s\u0105 nosicielami \u2013 \u015bmiertelnego\ndla ludzi \u2013 tasiemca b\u0105blowcowego <\/strong>Echinocuccus granulosus (W.Gerhards\n2019). Mog\u0105 by\u0107 r\u00f3wnie\u017c roznosicielami wirusa afryka\u0144skiego pomoru \u015bwi\u0144 (ASF) w\n\u015brodowisku (C.Szentiks, 2019). <\/p>\n\n\n\n<p>W krajach skandynawskich wprowadzenie prawnych mo\u017cliwo\u015bci\nregulowania liczebno\u015bci wilk\u00f3w poprzez kontrolowany odstrza\u0142 przez my\u015bliwych, traktuje\nsi\u0119 jako najskuteczniejsze narz\u0119dzie do ograniczania k\u0142usownictwa tego gatunku.<\/p>\n\n\n\n<p>Maj\u0105c na uwadze oczekiwania spo\u0142eczno\u015bci obszar\u00f3w\nwiejskich, w trosce o zapewnienie komfortu przez poczucie bezpiecze\u0144stwa, w tym\ndba\u0142o\u015b\u0107 o zdrowie i \u017cycie ludzi, a tak\u017ce w staraniu o&nbsp;przysz\u0142o\u015b\u0107 ojczystej\nprzyrody, <strong>wnioskujemy o wprowadzenie\nzmian prawnych \u2013 wykorzystuj\u0105c mo\u017cliwo\u015bci zawarte w prawie unijnym \u2013 kt\u00f3re w\npe\u0142ni uprawniaj\u0105 Polsk\u0119 do podj\u0119cia suwerennej decyzji w zakresie aktywnego\nzarz\u0105dzania populacj\u0105 wilk\u00f3w w naszym kraju.<\/strong> <\/p>\n\n\n\n<p>Wraz z wieloma tysi\u0105cami zaniepokojonych mieszka\u0144c\u00f3w\nPolski, licznymi instytucjami i&nbsp;stowarzyszeniami, b\u0119dziemy bardzo\nwdzi\u0119czni za udzielenie nam odpowiedzi, jakie decyzje zechce Pan Minister\npodj\u0105\u0107 w tej sprawie.<\/p>\n\n\n\n<p>Z wyrazami szacunku<\/p>\n\n\n\n<p><strong>W\nza\u0142\u0105czeniu:<\/strong><\/p>\n\n\n\n<ol class=\"wp-block-list\"><li>Minimalne,\nszacunkowe liczebno\u015bci wilk\u00f3w w Polsce w latach 1950-2019.<\/li><li>Szacunkowe\nliczebno\u015bci wilk\u00f3w (Canis lupus) w 2019 roku przed rozrodem w wybranych krajach,\nw&nbsp;kt\u00f3rych prowadzone s\u0105 odstrza\u0142y i w kt\u00f3rych trwa dyskusja o wprowadzeniu\nodstrza\u0142\u00f3w.<\/li><li>Prognoza wzrostu liczebnego populacji wilka (Canis\nlupus) w Polsce w latach 2000-2020, uwzgl\u0119dniaj\u0105ca przyrost roczny w wysoko\u015bci\n15 % &nbsp;(na podstawie minimalnej\nliczebno\u015bci wilk\u00f3w z&nbsp;\u201e<em>Polskiej\nczerwonej ksi\u0119gi zwierz\u0105t\u201d<\/em>, <em>2000<\/em>)<em>.<\/em><\/li><\/ol>\n\n\n\n<p><strong>Do\nwiadomo\u015bci:<\/strong><\/p>\n\n\n\n<ol class=\"wp-block-list\"><li>Kancelaria\nPrezesa Rady Ministr\u00f3w,<\/li><li>Ministerstwo\nZdrowia,<\/li><li>Ministerstwo\nSpraw Wewn\u0119trznych i Administracji,<\/li><li>Ministerstwo\nRolnictwa i Rozwoju Wsi,<\/li><li>G\u0142\u00f3wny\nLekarz Weterynarii,<\/li><li>Sejmowa Komisja\nOchrony \u015arodowiska, Zasob\u00f3w Naturalnych i Le\u015bnictwa,<\/li><li>Senacka\nKomisja \u015arodowiska,<\/li><li>Europejska\nKomisja Ochrony \u015arodowiska,<\/li><li>European\nFederation for Hunting and Conservation (FACE),<\/li><li>Pa\u0144stwowa\nRada Ochrony Przyrody,<\/li><li>Mi\u0119dzynarodowa Unia Le\u015bnych Organizacji Badawczych (<em>International Union of Forest\nResearch Organizations<\/em>, IUFRO),<\/li><li>Zarz\u0105d\nOg\u00f3lnopolskiego Porozumienia Zwi\u0105zk\u00f3w Zawodowych Rolnik\u00f3w i Organizacji\nRolniczych,<\/li><li>Krajowa\nRada Izb Rolniczych,<\/li><li>Zachodniopomorska\nIzba Rolnicza,<\/li><li>Pomorska Izba Rolnicza,<\/li><li>Polska\nFederacja Hodowc\u00f3w Byd\u0142a i Producent\u00f3w Mleka,<\/li><li>Polski Zwi\u0105zek Owczarski,<\/li><li>Niezale\u017cny Samorz\u0105dny Zwi\u0105zek\nZawodowy Rolnik\u00f3w Indywidualnych \u201eSolidarno\u015b\u0107\u201d Pomorze Zachodnie,<\/li><li>G\u0142\u00f3wny\nInspektorat Ochrony \u015arodowiska,<\/li><li>Generalna Dyrekcja Ochrony \u015arodowiska,<\/li><li>Regionalna\nDyrekcja Ochrony \u015arodowiska w Gda\u0144sku,<\/li><li>Regionalna\nDyrekcja Ochrony \u015arodowiska w Bydgoszczy,<\/li><li>Regionalna\nDyrekcja Ochrony \u015arodowiska w Szczecinie,<\/li><li>Regionalna\nDyrekcja Ochrony \u015arodowiska w Poznaniu,<\/li><li>Regionalna\nDyrekcja Ochrony \u015arodowiska w Gorzowie Wlkp.,<\/li><li>Regionalna\nDyrekcja Ochrony \u015arodowiska we Wroc\u0142awiu,<\/li><li>Regionalna\nDyrekcja Ochrony \u015arodowiska w \u0141odzi,<\/li><li>Regionalna\nDyrekcja Ochrony \u015arodowiska w Opolu<\/li><li>Regionalna\nDyrekcja Ochrony \u015arodowiska w Katowicach,<\/li><li>Dyrekcja Generalna Las\u00f3w Pa\u0144stwowych,<\/li><li>Regionalna\nDyrekcja Las\u00f3w Pa\u0144stwowych w Szczecinku,<\/li><li>Regionalna\nDyrekcja Las\u00f3w Pa\u0144stwowych w Gda\u0144sku,<\/li><li>Regionalna\nDyrekcja Las\u00f3w Pa\u0144stwowych w Szczecinie,<\/li><li>Regionalna\nDyrekcja Las\u00f3w Pa\u0144stwowych w Pile,<\/li><li>Regionalna\nDyrekcja Las\u00f3w Pa\u0144stwowych w Poznaniu,<\/li><li>Regionalna\nDyrekcja Las\u00f3w Pa\u0144stwowych w Zielonej G\u00f3rze,<\/li><li>Regionalna\nDyrekcja Las\u00f3w Pa\u0144stwowych we Wroc\u0142awiu,<\/li><li>Regionalna\nDyrekcja Las\u00f3w Pa\u0144stwowych w Katowicach,<\/li><li>Regionalna\nDyrekcja Las\u00f3w Pa\u0144stwowych w Toruniu,<\/li><li>Regionalna Dyrekcja Las\u00f3w Pa\u0144stwowych w \u0141odzi,<\/li><li>Regionalna\nDyrekcja Las\u00f3w Pa\u0144stwowych w Radomiu,<\/li><li>Regionalna\nDyrekcja Las\u00f3w Pa\u0144stwowych w Warszawie,<\/li><li>Regionalna\nDyrekcja Las\u00f3w Pa\u0144stwowych w Olsztynie,<\/li><li>Regionalna\nDyrekcja Las\u00f3w Pa\u0144stwowych w Bia\u0142ymstoku,<\/li><li>Regionalna\nDyrekcja Las\u00f3w Pa\u0144stwowych w Lublinie,<\/li><li>Regionalna\nDyrekcja Las\u00f3w Pa\u0144stwowych w Kro\u015bnie,<\/li><li>Regionalna\nDyrekcja Las\u00f3w Pa\u0144stwowych w Krakowie,<\/li><li>Park Narodowy Bory Tucholskie,<\/li><li>S\u0142owi\u0144ski Park Narodowy,<\/li><li>Drawie\u0144ski Park Narodowy,<\/li><li>Woli\u0144ski Park Narodowy,<\/li><li>Wielkopolski Park Narodowy,<\/li><li>Park Narodowy Uj\u015bcie Warty,<\/li><li>Zarz\u0105d G\u0142\u00f3wny\nPolskiego Zwi\u0105zku W\u0119dkarskiego,<\/li><li>Zarz\u0105d\nG\u0142\u00f3wny Polskiego Zwi\u0105zku \u0141owieckiego,<\/li><li>Naczelna Rada \u0141owiecka,<\/li><li>Zarz\u0105d Okr\u0119gowy Polskiego Zwi\u0105zku\n\u0141owieckiego w Koszalinie,<\/li><li>Zarz\u0105d Okr\u0119gowy Polskiego Zwi\u0105zku \u0141owieckiego\nw S\u0142upsku,<\/li><li>Instytut\nNauk o \u015arodowisku Uniwersytetu Jagiello\u0144skiego w Krakowie,<\/li><li>Instytut Badawczy Le\u015bnictwa,<\/li><li><em>Katedra \u0141owiectwa i Ochrony Lasu<\/em>, Uniwersytet Przyrodniczy w Poznaniu,<\/li><li>Zak\u0142ad\nBior\u00f3\u017cnorodno\u015bci Le\u015bnej, Wydzia\u0142 Le\u015bny Uniwersytetu Rolniczego w Krakowie,<\/li><li>Wydzia\u0142\nMedycyny Weterynaryjnej Uniwersytetu Przyrodniczego we Wroc\u0142awiu,<\/li><li>Marsza\u0142ek\nWojew\u00f3dztwa Zachodniopomorskiego,<\/li><li>Marsza\u0142ek\nWojew\u00f3dztwa Pomorskiego,<\/li><li>Polskie\nTowarzystwo Le\u015bne,<\/li><li>Komisja \u0141owiecka przy Zarz\u0105dzie G\u0142\u00f3wnym\nPolskiego Towarzystwa Le\u015bnego,<\/li><li>Stowarzyszenie Mi\u0142o\u015bnik\u00f3w \u017bubr\u00f3w,<\/li><li>Stowarzyszenie\nIn\u017cynier\u00f3w i Technik\u00f3w Rolnictwa,<\/li><li>Stowarzyszenie\nNaukowo Techniczne w S\u0142upsku,<\/li><li>Stowarzyszenie\nIn\u017cynier\u00f3w Technik\u00f3w Le\u015bnictwa i Drzewnictwa,<\/li><li>Szczeci\u0144ski\nKlub Przyrodnik\u00f3w,<\/li><li>&#8222;NATURA&#8221;\nStowarzyszenie na Rzecz Ochrony \u015arodowiska Gminy Wierzchowo,<\/li><li>Towarzystwo\nEkologiczno-Kulturalne w Bobolicach,<\/li><li>Dyrekcja\nZOO w Warszawie,<\/li><li>Starosta\nPowiatu Szczecineckiego,<\/li><li>Starosta\nPowiatu Drawskiego,<\/li><li>Starosta\nPowiatu Cz\u0142uchowskiego<\/li><li>Burmistrz\nMiasta i Gminy Barwice,<\/li><li>Burmistrz Miasta i Gminy Czaplinek,<strong> <\/strong><\/li><li>Burmistrz\nMiasta i Gminy Po\u0142czyn Zdr\u00f3j,<\/li><li>Burmistrz\nMiasta i Gminy Miastko,<\/li><li>Burmistrz\nMiasta i Gminy Czarne Cz\u0142uchowskie,<\/li><li>Burmistrz\nMiasta i Gminy Bobolice,<\/li><li>Burmistrz\nMiasta i Gminy Bia\u0142y B\u00f3r,<\/li><li>Burmistrz Miasta i Gminy Borne Sulinowo,<\/li><li>Burmistrz\nMiasta i Gminy Drawsko,<\/li><li>W\u00f3jt\nGminy Szczecinek,<\/li><li>W\u00f3jt Gminy Grzmi\u0105ca,<\/li><li>W\u00f3jt Gminy Trzebielino.<\/li><\/ol>\n\n\n\n<figure class=\"wp-block-image\"><img fetchpriority=\"high\" decoding=\"async\" width=\"1024\" height=\"724\" src=\"http:\/\/stowarzyszenie-matecznik.pl\/wp-content\/uploads\/2019\/09\/zal1-3-1024x724.jpg\" alt=\"\" class=\"wp-image-96\" srcset=\"https:\/\/stowarzyszenie-matecznik.pl\/wp-content\/uploads\/2019\/09\/zal1-3-1024x724.jpg 1024w, https:\/\/stowarzyszenie-matecznik.pl\/wp-content\/uploads\/2019\/09\/zal1-3-300x212.jpg 300w, https:\/\/stowarzyszenie-matecznik.pl\/wp-content\/uploads\/2019\/09\/zal1-3-768x543.jpg 768w\" sizes=\"(max-width: 1024px) 100vw, 1024px\" \/><\/figure>\n\n\n\n<figure class=\"wp-block-image\"><img decoding=\"async\" width=\"1024\" height=\"724\" src=\"http:\/\/stowarzyszenie-matecznik.pl\/wp-content\/uploads\/2019\/09\/zal2-3-1024x724.jpg\" alt=\"\" class=\"wp-image-97\" srcset=\"https:\/\/stowarzyszenie-matecznik.pl\/wp-content\/uploads\/2019\/09\/zal2-3-1024x724.jpg 1024w, https:\/\/stowarzyszenie-matecznik.pl\/wp-content\/uploads\/2019\/09\/zal2-3-300x212.jpg 300w, https:\/\/stowarzyszenie-matecznik.pl\/wp-content\/uploads\/2019\/09\/zal2-3-768x543.jpg 768w\" sizes=\"(max-width: 1024px) 100vw, 1024px\" \/><\/figure>\n\n\n\n<figure class=\"wp-block-image\"><img decoding=\"async\" width=\"1024\" height=\"724\" src=\"http:\/\/stowarzyszenie-matecznik.pl\/wp-content\/uploads\/2019\/09\/zal3-1024x724.jpg\" alt=\"\" class=\"wp-image-98\" srcset=\"https:\/\/stowarzyszenie-matecznik.pl\/wp-content\/uploads\/2019\/09\/zal3-1024x724.jpg 1024w, https:\/\/stowarzyszenie-matecznik.pl\/wp-content\/uploads\/2019\/09\/zal3-300x212.jpg 300w, https:\/\/stowarzyszenie-matecznik.pl\/wp-content\/uploads\/2019\/09\/zal3-768x543.jpg 768w\" sizes=\"(max-width: 1024px) 100vw, 1024px\" \/><\/figure>\n","protected":false},"excerpt":{"rendered":"<p>Pan Henryk Kowalczyk Minister \u015arodowiska Ul. Wawelska 52\/54 00-922 Warszawa WNIOSEK Dotyczy: zmian przepis\u00f3w prawa w celu kontrolowanego ograniczania liczebno\u015bci populacji wilk\u00f3w (Canis lupus) w Polsce. UZASADNIENIE Sk\u0142adaj\u0105c powy\u017cszy wniosek uprzejmie informujemy, \u017ce reprezentujemy cz\u0142onk\u00f3w stowarzyszenia posiadaj\u0105cych do\u015bwiadczenie i przygotowanie przyrodnicze. Tre\u015bci naszego wniosku opieramy na analizie najnowszych wynik\u00f3w bada\u0144 naukowych, opiniach, wnioskach, sonda\u017cach, w &#8230;<a href=\"https:\/\/stowarzyszenie-matecznik.pl\/index.php\/2019\/06\/06\/wniosek-w-sprawie-zmian-przepisow-prawa-w-celu-kontrolowanego-ograniczania-liczebnosci-populacji-wilkow\/\" title=\"Read in detail: Wniosek w sprawie zmian przepis\u00f3w prawa w celu kontrolowanego ograniczania liczebno\u015bci populacji wilk\u00f3w\" rel=\"bookmark\" class=\"read-more\">read in detail<i class=\"fa fa-long-arrow-right\"><\/i><\/a><\/p>\n","protected":false},"author":1,"featured_media":0,"comment_status":"closed","ping_status":"closed","sticky":false,"template":"","format":"standard","meta":{"footnotes":""},"categories":[2],"tags":[],"class_list":["post-81","post","type-post","status-publish","format-standard","hentry","category-nasze-projekty"],"_links":{"self":[{"href":"https:\/\/stowarzyszenie-matecznik.pl\/index.php\/wp-json\/wp\/v2\/posts\/81","targetHints":{"allow":["GET"]}}],"collection":[{"href":"https:\/\/stowarzyszenie-matecznik.pl\/index.php\/wp-json\/wp\/v2\/posts"}],"about":[{"href":"https:\/\/stowarzyszenie-matecznik.pl\/index.php\/wp-json\/wp\/v2\/types\/post"}],"author":[{"embeddable":true,"href":"https:\/\/stowarzyszenie-matecznik.pl\/index.php\/wp-json\/wp\/v2\/users\/1"}],"replies":[{"embeddable":true,"href":"https:\/\/stowarzyszenie-matecznik.pl\/index.php\/wp-json\/wp\/v2\/comments?post=81"}],"version-history":[{"count":3,"href":"https:\/\/stowarzyszenie-matecznik.pl\/index.php\/wp-json\/wp\/v2\/posts\/81\/revisions"}],"predecessor-version":[{"id":99,"href":"https:\/\/stowarzyszenie-matecznik.pl\/index.php\/wp-json\/wp\/v2\/posts\/81\/revisions\/99"}],"wp:attachment":[{"href":"https:\/\/stowarzyszenie-matecznik.pl\/index.php\/wp-json\/wp\/v2\/media?parent=81"}],"wp:term":[{"taxonomy":"category","embeddable":true,"href":"https:\/\/stowarzyszenie-matecznik.pl\/index.php\/wp-json\/wp\/v2\/categories?post=81"},{"taxonomy":"post_tag","embeddable":true,"href":"https:\/\/stowarzyszenie-matecznik.pl\/index.php\/wp-json\/wp\/v2\/tags?post=81"}],"curies":[{"name":"wp","href":"https:\/\/api.w.org\/{rel}","templated":true}]}}