{"id":92,"date":"2019-09-16T14:09:33","date_gmt":"2019-09-16T12:09:33","guid":{"rendered":"http:\/\/stowarzyszenie-matecznik.pl\/?p=92"},"modified":"2020-08-13T06:27:27","modified_gmt":"2020-08-13T04:27:27","slug":"monitoring-wilkow-w-zachodniej-polsce","status":"publish","type":"post","link":"https:\/\/stowarzyszenie-matecznik.pl\/index.php\/2019\/09\/16\/monitoring-wilkow-w-zachodniej-polsce\/","title":{"rendered":"MONITORING WILK\u00d3W W ZACHODNIEJ POLSCE"},"content":{"rendered":"\r\n\r\n\r\n<p>Stowarzyszenie na rzecz Wspierania Bior\u00f3\u017cnorodno\u015bci \u201eMatecznik\u201d <br \/>w Szczecinku od wielu lat zwraca szczeg\u00f3ln\u0105 uwag\u0119 na wykazywane oficjalnie liczebno\u015bci populacji wilk\u00f3w w Polsce. Na podstawie danych pochodz\u0105cych od r\u00f3\u017cnych autor\u00f3w publikacji i instytucji przeprowadzili\u015bmy analiz\u0119 liczebno\u015bci wilk\u00f3w <br \/>w kraju w okresie od 1950 do 2019 roku (za\u0142. 1). Sporz\u0105dzili\u015bmy symulacj\u0119 wzrostu liczebnego populacji wilk\u00f3w (za\u0142. nr 2), przyjmuj\u0105c za podstaw\u0119, szacowan\u0105 <br \/>w 2000 roku minimaln\u0105 liczebno\u015b\u0107 wilk\u00f3w w ilo\u015bci 500 osobnik\u00f3w (\u201e<em>Polska Czerwona Ksi\u0119ga Zwierz\u0105t<\/em>\u201d, G\u0142owaci\u0144ski, 2001). Symulacj\u0119 przyrostu liczebno\u015bci sporz\u0105dzili\u015bmy przy ostro\u017cnym przyj\u0119ciu do wylicze\u0144, rocznego przyrostu populacji wilk\u00f3w w wysoko\u015bci 15% (na podstawie bada\u0144 ameryka\u0144skich). Badania niemieckie wskazuj\u0105 przyrost wilk\u00f3w na poziomie 30% (Stubbe, 2019), natomiast w obszarach rekolonizacji wilk\u00f3w w zachodniej Polsce mog\u0105 wynosi\u0107 nawet do 36% (Nowak, 2019). Wykazywana oficjalnie szacowana liczebno\u015b\u0107 od 2500 do 3000 wilk\u00f3w w Polsce (Okarma, 2019), wywo\u0142uje <strong>uzasadnione w\u0105tpliwo\u015bci tak niskiego przyrostu w okresie 20 lat \u015bcis\u0142ej ochrony gatunkowej<\/strong>. Nasuwa si\u0119 natomiast\u00a0 pytanie: czy taka forma ochrony wilka jest wystarczaj\u0105co skuteczna i czy nie powinno si\u0119 podj\u0105\u0107 dzia\u0142a\u0144 w celu wprowadzenia systemowych zmian w tym zakresie?\u00a0<\/p>\r\n\r\n\r\n\r\n<p>Wyliczona na podstawach naukowych <strong>docelowa liczebno\u015b\u0107 1586 wilk\u00f3w <br \/>w Polsce (J\u0119drzejewski i inni, 2008) zosta\u0142a przekroczona prawie o 100%<\/strong>. Instytucje odpowiedzialne za ochron\u0119 gatunku nie prowadz\u0105 analizy sytuacji i nie odnosz\u0105 si\u0119 do powy\u017cszych fakt\u00f3w. By\u0107 mo\u017ce nie zauwa\u017caj\u0105, b\u0105d\u017a nie chc\u0105 widzie\u0107 narastaj\u0105cego problemu.<\/p>\r\n\r\n\r\n\r\n<p>Jednocze\u015bnie stwierdza si\u0119 powszechnie wyst\u0119puj\u0105ce w przestrzeni publicznej niepokoj\u0105ce zjawisko \u2013 zani\u017cania wykazywanej liczebno\u015bci wilk\u00f3w w Polsce. Poza zani\u017conymi liczebno\u015bciami wilk\u00f3w, s\u0105 one tak\u017ce cz\u0119sto podawane z kilkuletnim op\u00f3\u017anieniem lub bez okre\u015blenia roku, kt\u00f3rego ta liczebno\u015b\u0107 dotyczy. Dla przyk\u0142adu <strong>w jednym z muze\u00f3w przyrodniczych w Polsce<\/strong>, w gablocie (w kt\u00f3rej znajduje si\u0119 r\u00f3wnie\u017c spreparowana czaszka wilka) zamieszczona jest informacja o szacowanej liczebno\u015bci wilk\u00f3w w Polsce na 850 osobnik\u00f3w. Dane\u00a0 te zamieszczono w 2009 roku i nikt ich nie aktualizowa\u0142 do lipca 2019 roku.<\/p>\r\n\r\n\r\n\r\n<p>Bior\u0105c powy\u017csze pod uwag\u0119 i wychodz\u0105c naprzeciw potrzebie obiektywnego poznania \u2013 w szczeg\u00f3lno\u015bci obszar\u00f3w bytowania i liczebno\u015bci wilk\u00f3w \u2013 Stowarzyszenie \u201eMatecznik\u201d zainicjowa\u0142o rozmowy z przedstawicielami regionalnych dyrekcji Las\u00f3w Pa\u0144stwowych, regionalnych dyrekcji ochrony \u015brodowiska, park\u00f3w narodowych oraz z Instytutem Ochrony Przyrody Polskiej Akademii Nauk w Krakowie, w wyniku kt\u00f3rych podpisano porozumienie w celu realizacji projektu pn.: \u201eMonitoring wilk\u00f3w (Canis lupus)\u201d. W tre\u015bci porozumienia \u2013 na podstawie wcze\u015bniejszych uzgodnie\u0144 z potencjalnymi Partnerami \u2013 okre\u015blono katalog instytucji uczestnicz\u0105cych w projekcie oraz ograniczono dost\u0119p do aplikacji, kt\u00f3ry nie jest powszechny. Szczeg\u00f3\u0142owe zasady monitoringu zawarto w naukowej metodyce oraz w instrukcji u\u017cytkowania aplikacji mobilnej i serwisu webowego. Deklaracj\u0119 przyst\u0105pienia do monitoringu wilk\u00f3w na zasadach okre\u015blonych w porozumieniu z\u0142o\u017cy\u0142o dziewi\u0119\u0107 regionalnych dyrekcji Las\u00f3w Pa\u0144stwowych, trzy regionalne dyrekcje ochrony \u015brodowiska, cztery parki narodowe oraz Biuro Urz\u0105dzania Lasu i Geodezji Le\u015bnej. Dzi\u0119ki temu populacje wilk\u00f3w w zachodniej Polsce zosta\u0142y obj\u0119te jednolitym, wielkoobszarowym monitoringiem na podstawach naukowych. Prowadzony jest on z wykorzystaniem nowatorskiej aplikacji mobilnej, specjalnie wyprodukowanej i bezp\u0142atnie udost\u0119pnionej przez Stowarzyszenie \u201eMatecznik\u201d.<\/p>\r\n\r\n\r\n\r\n<p><strong>Celem monitoringu jest uzyskanie jak najwi\u0119kszej liczby obiektywnych obserwacji<\/strong>, w obszarze kraju na zach\u00f3d od linii Wis\u0142y, na temat rozmieszczenia i liczebno\u015bci gatunku, bytuj\u0105cej liczby watah, w tym ich liczebno\u015bci i osobnik\u00f3w wyst\u0119puj\u0105cych pojedynczo. Poprzez prowadzony monitoring okre\u015blony zostanie tak\u017ce przyrost populacji oraz wp\u0142yw drapie\u017cnictwa wilk\u00f3w na populacje zwierz\u0105t dziko \u017cyj\u0105cych (\u0142ownych i chronionych) oraz gospodarskich. D\u0105\u017ceniem dalekosi\u0119\u017cnym jest uzupe\u0142nienie i wzmocnienie tego projektu o badania genetyczne DNA.<strong> Po zako\u0144czeniu monitoringu zostanie opracowany szczeg\u00f3\u0142owy, rzetelny raport na podstawach naukowych, kt\u00f3ry b\u0119dzie udost\u0119pniony Partnerom projektu i spo\u0142ecze\u0144stwu.<\/strong><\/p>\r\n\r\n\r\n\r\n<p>&nbsp;<\/p>\r\n\r\n\r\n\r\n<figure class=\"wp-block-image\"><img fetchpriority=\"high\" decoding=\"async\" class=\"wp-image-93\" src=\"http:\/\/stowarzyszenie-matecznik.pl\/wp-content\/uploads\/2019\/09\/zal1-2.jpg\" alt=\"\" width=\"650\" height=\"430\" srcset=\"https:\/\/stowarzyszenie-matecznik.pl\/wp-content\/uploads\/2019\/09\/zal1-2.jpg 958w, https:\/\/stowarzyszenie-matecznik.pl\/wp-content\/uploads\/2019\/09\/zal1-2-300x199.jpg 300w, https:\/\/stowarzyszenie-matecznik.pl\/wp-content\/uploads\/2019\/09\/zal1-2-768x508.jpg 768w\" sizes=\"(max-width: 650px) 100vw, 650px\" \/><\/figure>\r\n\r\n\r\n\r\n<figure class=\"wp-block-image\"><img decoding=\"async\" class=\"wp-image-94\" src=\"http:\/\/stowarzyszenie-matecznik.pl\/wp-content\/uploads\/2019\/09\/zal2-2.jpg\" alt=\"\" width=\"652\" height=\"431\" srcset=\"https:\/\/stowarzyszenie-matecznik.pl\/wp-content\/uploads\/2019\/09\/zal2-2.jpg 958w, https:\/\/stowarzyszenie-matecznik.pl\/wp-content\/uploads\/2019\/09\/zal2-2-300x199.jpg 300w, https:\/\/stowarzyszenie-matecznik.pl\/wp-content\/uploads\/2019\/09\/zal2-2-768x508.jpg 768w\" sizes=\"(max-width: 652px) 100vw, 652px\" \/><\/figure>\r\n<hr \/>\r\n<p><img decoding=\"async\" class=\"alignnone  wp-image-629\" src=\"http:\/\/stowarzyszenie-matecznik.pl\/wp-content\/uploads\/2019\/09\/Logo-MW-3-300x27.png\" alt=\"\" width=\"678\" height=\"61\" srcset=\"https:\/\/stowarzyszenie-matecznik.pl\/wp-content\/uploads\/2019\/09\/Logo-MW-3-300x27.png 300w, https:\/\/stowarzyszenie-matecznik.pl\/wp-content\/uploads\/2019\/09\/Logo-MW-3-1024x91.png 1024w, https:\/\/stowarzyszenie-matecznik.pl\/wp-content\/uploads\/2019\/09\/Logo-MW-3-768x68.png 768w, https:\/\/stowarzyszenie-matecznik.pl\/wp-content\/uploads\/2019\/09\/Logo-MW-3-1536x137.png 1536w, https:\/\/stowarzyszenie-matecznik.pl\/wp-content\/uploads\/2019\/09\/Logo-MW-3-2048x182.png 2048w\" sizes=\"(max-width: 678px) 100vw, 678px\" \/><\/p>\r\n<hr \/>\r\n<p>&nbsp;<\/p>\r\n","protected":false},"excerpt":{"rendered":"<p>Stowarzyszenie na rzecz Wspierania Bior\u00f3\u017cnorodno\u015bci \u201eMatecznik\u201d w Szczecinku od wielu lat zwraca szczeg\u00f3ln\u0105 uwag\u0119 na wykazywane oficjalnie liczebno\u015bci populacji wilk\u00f3w w Polsce. Na podstawie danych pochodz\u0105cych od r\u00f3\u017cnych autor\u00f3w publikacji i instytucji przeprowadzili\u015bmy analiz\u0119 liczebno\u015bci wilk\u00f3w w kraju w okresie od 1950 do 2019 roku (za\u0142. 1). Sporz\u0105dzili\u015bmy symulacj\u0119 wzrostu liczebnego populacji wilk\u00f3w (za\u0142. nr &#8230;<a href=\"https:\/\/stowarzyszenie-matecznik.pl\/index.php\/2019\/09\/16\/monitoring-wilkow-w-zachodniej-polsce\/\" title=\"Read in detail: MONITORING WILK\u00d3W W ZACHODNIEJ POLSCE\" rel=\"bookmark\" class=\"read-more\">read in detail<i class=\"fa fa-long-arrow-right\"><\/i><\/a><\/p>\n","protected":false},"author":1,"featured_media":551,"comment_status":"closed","ping_status":"closed","sticky":false,"template":"","format":"standard","meta":{"footnotes":""},"categories":[8],"tags":[],"class_list":["post-92","post","type-post","status-publish","format-standard","has-post-thumbnail","hentry","category-monitoring-wilkow"],"_links":{"self":[{"href":"https:\/\/stowarzyszenie-matecznik.pl\/index.php\/wp-json\/wp\/v2\/posts\/92","targetHints":{"allow":["GET"]}}],"collection":[{"href":"https:\/\/stowarzyszenie-matecznik.pl\/index.php\/wp-json\/wp\/v2\/posts"}],"about":[{"href":"https:\/\/stowarzyszenie-matecznik.pl\/index.php\/wp-json\/wp\/v2\/types\/post"}],"author":[{"embeddable":true,"href":"https:\/\/stowarzyszenie-matecznik.pl\/index.php\/wp-json\/wp\/v2\/users\/1"}],"replies":[{"embeddable":true,"href":"https:\/\/stowarzyszenie-matecznik.pl\/index.php\/wp-json\/wp\/v2\/comments?post=92"}],"version-history":[{"count":26,"href":"https:\/\/stowarzyszenie-matecznik.pl\/index.php\/wp-json\/wp\/v2\/posts\/92\/revisions"}],"predecessor-version":[{"id":631,"href":"https:\/\/stowarzyszenie-matecznik.pl\/index.php\/wp-json\/wp\/v2\/posts\/92\/revisions\/631"}],"wp:featuredmedia":[{"embeddable":true,"href":"https:\/\/stowarzyszenie-matecznik.pl\/index.php\/wp-json\/wp\/v2\/media\/551"}],"wp:attachment":[{"href":"https:\/\/stowarzyszenie-matecznik.pl\/index.php\/wp-json\/wp\/v2\/media?parent=92"}],"wp:term":[{"taxonomy":"category","embeddable":true,"href":"https:\/\/stowarzyszenie-matecznik.pl\/index.php\/wp-json\/wp\/v2\/categories?post=92"},{"taxonomy":"post_tag","embeddable":true,"href":"https:\/\/stowarzyszenie-matecznik.pl\/index.php\/wp-json\/wp\/v2\/tags?post=92"}],"curies":[{"name":"wp","href":"https:\/\/api.w.org\/{rel}","templated":true}]}}